{"id":6683,"date":"2019-06-21T16:07:37","date_gmt":"2019-06-21T14:07:37","guid":{"rendered":"http:\/\/www.diocesimolfetta.it\/luceevita\/?p=6683"},"modified":"2019-06-21T16:09:51","modified_gmt":"2019-06-21T14:09:51","slug":"cammino-don-tonino","status":"publish","type":"post","link":"https:\/\/www.diocesimolfetta.it\/luceevita\/cammino-don-tonino\/","title":{"rendered":"Il Cammino di don Tonino"},"content":{"rendered":"<div id=\"attachment_6684\" style=\"width: 422px\" class=\"wp-caption alignright\"><img loading=\"lazy\" decoding=\"async\" aria-describedby=\"caption-attachment-6684\" class=\" wp-image-6684\" src=\"https:\/\/www.diocesimolfetta.it\/luceevita\/wp-content\/uploads\/sites\/2\/2019\/06\/LeV_25-702x1024.jpg\" alt=\"\" width=\"412\" height=\"601\" srcset=\"https:\/\/www.diocesimolfetta.it\/luceevita\/wp-content\/uploads\/sites\/2\/2019\/06\/LeV_25-702x1024.jpg 702w, https:\/\/www.diocesimolfetta.it\/luceevita\/wp-content\/uploads\/sites\/2\/2019\/06\/LeV_25-206x300.jpg 206w, https:\/\/www.diocesimolfetta.it\/luceevita\/wp-content\/uploads\/sites\/2\/2019\/06\/LeV_25-768x1121.jpg 768w, https:\/\/www.diocesimolfetta.it\/luceevita\/wp-content\/uploads\/sites\/2\/2019\/06\/LeV_25-192x280.jpg 192w, https:\/\/www.diocesimolfetta.it\/luceevita\/wp-content\/uploads\/sites\/2\/2019\/06\/LeV_25-526x768.jpg 526w, https:\/\/www.diocesimolfetta.it\/luceevita\/wp-content\/uploads\/sites\/2\/2019\/06\/LeV_25-800x1167.jpg 800w, https:\/\/www.diocesimolfetta.it\/luceevita\/wp-content\/uploads\/sites\/2\/2019\/06\/LeV_25-1200x1751.jpg 1200w\" sizes=\"auto, (max-width: 412px) 100vw, 412px\" \/><p id=\"caption-attachment-6684\" class=\"wp-caption-text\">Prima pagina<\/p><\/div>\n<p><em>Cammino di Santiago, Via Francigena, Cammino di San Benedetto, Via di Francesco, Sentiero dello Spirito<\/em>\u2026 e adesso <em>Il Cammino di don Tonino<\/em>.<br \/>\nCon delibera n. 404 del 7 marzo 2019, la Giunta Regionale ha approvato e inserito il progetto diocesano Il Cammino di don Tonino, fra le iniziative finanziate dal Fondo speciale cultura e patrimonio culturale per il 2019. Il predetto fondo \u00e8 finalizzato ad una pluralit\u00e0 di iniziative quali il sostegno alla domanda culturale, la valorizzazione del patrimonio culturale, la memoria e conservazione di pratiche e saperi, il funzionamento di librerie digitali, la promozione di contenitori culturali di interesse regionale, il finanziamento di leggi vigenti in materia di minoranza linguistiche, tradizioni orali e promozione della lettura nonch\u00e9 interventi diretti ad assicurare la fruizione pubblica di beni culturali di propriet\u00e0 degli enti ecclesiastici.<br \/>\nL\u2019iniziativa diocesana, nata dall\u2019impegno della costituenda associazione \u201cCammino di don Tonino\u201d, sar\u00e0 illustrata nei dettagli, alla presenza del Vescovo Domenico, nella conferenza stampa programmata per <strong>marted\u00ec 2 luglio alle ore 11.00 presso il Museo diocesano di Molfetta<\/strong>. Essa ha l\u2019obiettivo di promuovere ulteriormente la conoscenza e la valorizzazione della figura del Servo di Dio, ideata in occasione delle celebrazioni per il venticinquesimo anniversario della morte.<br \/>\nNel progetto che abbiamo presentato alla Regione, si legge che il Cammino \u00abnasce dalla volont\u00e0 di voler promuovere e far conoscere la figura di don Tonino Bello al di l\u00e0 dei confini regionali, ripercorrendo le tappe fondamentali della sua storia in tutta la Puglia. Un\u2019iniziativa che, ripercorrendo la vita di don Tonino Bello attraverso il cammino e la narrazione di questo sacerdote, vescovo e, prima ancora uomo, contribuisca a promuovere il territorio pugliese, valorizzandone persone, patrimonio, tradizioni e prodotti\u00bb. L\u2019obiettivo preliminare \u00e8 certamente contribuire a guardare a don Tonino, Vescovo e uomo della strada, narrando la sua vita lungo un cammino da Molfetta \u2013 sede della Diocesi di cui \u00e8 stato Vescovo \u2013 ad Alessano, citt\u00e0 che gli ha dato i natali e nella quale si trova la sua tomba.<br \/>\nSulla scorta dei grandi cammini nazionali e internazionali, mete di un turismo lento e sostenibile che valorizza ogni territorio attraversato, anche Il Cammino di don Tonino avr\u00e0 un itinerario mappato che, ponendo al centro la sua vita, vissuta molto sulla strada, racconti anche le bellezze della Puglia, quelle pi\u00f9 nascoste e meno conosciute, legate a tradizioni e culture ormai lontane, fatte di persone e storie.<br \/>\nIl progetto, la cui realizzazione sar\u00e0 affidata all\u2019associazione che lo ha promosso, \u00e8 articolato in pi\u00f9 fasi e prevede allestimenti multimediali e materiali illustrativi, nonch\u00e9 kit per i pellegrini. Quanto gi\u00e0 da diversi anni la Diocesi fa per accogliere e accompagnare i pellegrini \u201csui passi di don Tonino\u201d si arricchisce ora di una proposta pi\u00f9 esigente che, portando i camminatori lungo i circa 300 km di strada, li provochi a compiere il tratto che don Tonino stesso riteneva pi\u00f9 lungo e decisivo: quello dalla testa al cuore di se stessi: \u00abIl pellegrinaggio pi\u00f9 faticoso \u00e8 quello che porta l\u2019uomo dalla periferia al centro del proprio cuore. Il pi\u00f9 lungo \u00e8 quello che conduce alla casa di fronte. Il pi\u00f9 serio \u00e8 quello che porta all\u2019incontro con Dio\u00bb.<\/p>\n<p>Luigi Amendolagine<br \/>\n<em>Associazione &#8220;Cammino di don Tonino&#8221;<\/em><\/p>\n","protected":false},"excerpt":{"rendered":"<p>Approvato un progetto regionale per un itinerario a piedi Molfetta-Alessano e ritorno.<\/p>\n","protected":false},"author":3,"featured_media":6684,"comment_status":"closed","ping_status":"closed","sticky":false,"template":"","format":"standard","meta":{"footnotes":""},"categories":[101,13,3,4],"tags":[797,461,798,30,38],"class_list":["post-6683","post","type-post","status-publish","format-standard","has-post-thumbnail","hentry","category-don-tonino-bello","category-editoriali","category-evidenza","category-news","tag-alessano","tag-cammino","tag-cammino-don-tonino","tag-don-tonino","tag-molfetta"],"acf":[],"_links":{"self":[{"href":"https:\/\/www.diocesimolfetta.it\/luceevita\/wp-json\/wp\/v2\/posts\/6683","targetHints":{"allow":["GET"]}}],"collection":[{"href":"https:\/\/www.diocesimolfetta.it\/luceevita\/wp-json\/wp\/v2\/posts"}],"about":[{"href":"https:\/\/www.diocesimolfetta.it\/luceevita\/wp-json\/wp\/v2\/types\/post"}],"author":[{"embeddable":true,"href":"https:\/\/www.diocesimolfetta.it\/luceevita\/wp-json\/wp\/v2\/users\/3"}],"replies":[{"embeddable":true,"href":"https:\/\/www.diocesimolfetta.it\/luceevita\/wp-json\/wp\/v2\/comments?post=6683"}],"version-history":[{"count":1,"href":"https:\/\/www.diocesimolfetta.it\/luceevita\/wp-json\/wp\/v2\/posts\/6683\/revisions"}],"predecessor-version":[{"id":6685,"href":"https:\/\/www.diocesimolfetta.it\/luceevita\/wp-json\/wp\/v2\/posts\/6683\/revisions\/6685"}],"wp:featuredmedia":[{"embeddable":true,"href":"https:\/\/www.diocesimolfetta.it\/luceevita\/wp-json\/wp\/v2\/media\/6684"}],"wp:attachment":[{"href":"https:\/\/www.diocesimolfetta.it\/luceevita\/wp-json\/wp\/v2\/media?parent=6683"}],"wp:term":[{"taxonomy":"category","embeddable":true,"href":"https:\/\/www.diocesimolfetta.it\/luceevita\/wp-json\/wp\/v2\/categories?post=6683"},{"taxonomy":"post_tag","embeddable":true,"href":"https:\/\/www.diocesimolfetta.it\/luceevita\/wp-json\/wp\/v2\/tags?post=6683"}],"curies":[{"name":"wp","href":"https:\/\/api.w.org\/{rel}","templated":true}]}}