{"id":6946,"date":"2019-08-21T19:15:58","date_gmt":"2019-08-21T17:15:58","guid":{"rendered":"http:\/\/www.diocesimolfetta.it\/luceevita\/?p=6946"},"modified":"2019-08-23T19:20:07","modified_gmt":"2019-08-23T17:20:07","slug":"fatti-bibbiano-la-necessaria-custodia-dei-piccoli","status":"publish","type":"post","link":"https:\/\/www.diocesimolfetta.it\/luceevita\/fatti-bibbiano-la-necessaria-custodia-dei-piccoli\/","title":{"rendered":"I fatti di Bibbiano e la necessaria custodia dei piccoli"},"content":{"rendered":"<p><img loading=\"lazy\" decoding=\"async\" class=\"size-full wp-image-6947 aligncenter\" src=\"https:\/\/www.diocesimolfetta.it\/luceevita\/wp-content\/uploads\/sites\/2\/2019\/08\/coverlg_home-5-755x491.jpg.pagespeed.ce_.INsX6mPqR2.jpg\" alt=\"\" width=\"755\" height=\"491\" srcset=\"https:\/\/www.diocesimolfetta.it\/luceevita\/wp-content\/uploads\/sites\/2\/2019\/08\/coverlg_home-5-755x491.jpg.pagespeed.ce_.INsX6mPqR2.jpg 755w, https:\/\/www.diocesimolfetta.it\/luceevita\/wp-content\/uploads\/sites\/2\/2019\/08\/coverlg_home-5-755x491.jpg.pagespeed.ce_.INsX6mPqR2-300x195.jpg 300w, https:\/\/www.diocesimolfetta.it\/luceevita\/wp-content\/uploads\/sites\/2\/2019\/08\/coverlg_home-5-755x491.jpg.pagespeed.ce_.INsX6mPqR2-360x234.jpg 360w\" sizes=\"auto, (max-width: 755px) 100vw, 755px\" \/>Prima che altri gravi fatti di cronaca prendessero completamente la scena, nei giorni scorsi i riflettori erano tutti puntati sui \u201cfatti di Bibbiano\u201d, il piccolo Comune in provincia di Reggio Emilia, nella Val d\u2019Enza. Qui, secondo l\u2019accusa, si sono registrati degli episodi in cui alcuni bambini, in forza di una viziata lettura della loro condizione familiare da parte delle istituzioni deputate, sono stati tolti ingiustamente alle loro famiglie \u201cnaturali\u201d e sono stati affidati a famiglie affidatarie. Il fatto ha assunto una connotazione fortemente politica, visto l\u2019orientamento della giunta comunale di Bibbiano. Tuttavia, non \u00e8 questo il punto che ci interessa ora, se non per rilevare, ancora una volta, che in Italia qualsiasi problema viene interpretato con le \u201cgabbie\u201d ideologiche della propria inclinazione politica. \u00c8 pi\u00f9 forte di noi, ma non \u00e8 affatto una cosa di cui andar fieri. La magistratura sta ancora procedendo con le indagini, ma alcune dinamiche sembrano sufficientemente chiare. Il minimo che si possa dire \u00e8 che, in alcuni di questi casi, i racconti dei bambini sono stati manipolati o in qualche misura condizionati da chi aveva il compito di verificare gli eventuali abusi: vale a dire, gli operatori che dovevano valutare la capacit\u00e0 dei genitori \u201cnaturali\u201d di prendersi cura dei loro figli ed avviare, in caso negativo, i procedimenti di affido ad altre famiglie. Allo stato attuale non sono ancora state appurate in modo univoco le responsabilit\u00e0 dei vari soggetti chiamati in causa, n\u00e9 le motivazioni che stanno alla base di un meccanismo perverso che ha condotto alla separazione traumatica dei figli dai propri genitori e che ha scosso le coscienze. Si parla di interessi economici oppure di \u201cfavori\u201d resi a famiglie amiche, desiderose di avere un figlio\u2026<br \/>\nSembrano, per\u00f2, emergere anche motivazioni di carattere ideologico: nella fattispecie, la volont\u00e0 di favorire alcune famiglie \u201comogenitoriali\u201d \u2013 quelle cio\u00e8 in cui la coppia \u00e8 costituita da persone dello stesso sesso \u2013 a scapito delle famiglie di origine, per lo pi\u00f9 \u201cnaturali\u201d, cio\u00e8 costituite da un padre (uomo) e da una madre (donna). Mons. Massimo Camisasca, vescovo di Reggio Emilia, ha commentato i fatti di Bibbiano esprimendo da un lato la sua fiducia nel lavoro della magistratura, che ha il merito di aver fatto emergere il caso, ma dall\u2019altro ha anche manifestato tutta la sua preoccupazione: &#8220;Salvo restando le responsabilit\u00e0 dei singoli, oggi esiste una cultura molto invadente che vede nella famiglia (padre, madre e figli) un luogo potenzialmente oppressivo e perci\u00f2 da colpire&#8221;. L\u2019impressione \u00e8 che esista in alcuni settori della cultura (e delle istituzioni) una concezione che considera la famiglia \u201cnaturale\u201d un retaggio del passato, se non addirittura un\u2019istituzione violenta e da superare, nel nome di altre forme di famiglia, pi\u00f9 libere e \u201caperte\u201d. Gli episodi di Bibbiano non devono far concludere che l\u2019istituto dell\u2019affido sia inadeguato o che sia sempre inficiato da errori di valutazione. Non \u00e8 affatto cos\u00ec. L\u2019affido \u00e8 stato pensato proprio per proteggere i minori da genitori inadatti \u2013 almeno momentaneamente \u2013 al loro ruolo parentale. In questo modo, insieme ai bambini, si proteggono i genitori stessi da azioni che potrebbero avere effetti negativi sui figli ma anche su di loro. Va inoltre riconosciuta l\u2019oggettiva complessit\u00e0 e delicatezza di un ambito \u2013 quello della tutela dei minori \u2013 in cui i confini delle responsabilit\u00e0 non sono sempre cos\u00ec nitidi ed \u00e8 difficile fare un adeguato discernimento. Tutto ci\u00f2, a maggior ragione, impone a quanti operano in questo settore una grande vigilanza. A loro \u00e8 chiesto di avere come obiettivo il bene dei bambini, innanzi tutto, ma anche quello dei genitori naturali. Ci\u00f2 richiede una grande competenza, un profondo spirito di dedizione e il fedele rispetto dei legami affettivi tra figli e genitori. In questo delicatissimo contesto, qualsiasi forma di interferenza, dettata da interessi personali o da motivazioni ideologiche, conduce a veri e propri drammi.<\/p>\n<p>(*) direttore \u201cL\u2019Azione\u201d (Vittorio Veneto)<\/p>\n","protected":false},"excerpt":{"rendered":"<p>L\u2019affido \u00e8 stato pensato proprio per proteggere i minori da genitori inadatti \u2013 almeno momentaneamente \u2013 al loro ruolo parentale. In questo modo, insieme ai bambini, si proteggono i genitori stessi da azioni che potrebbero avere effetti negativi sui figli ma anche su di loro. A chi \u00e8 chiamato a vigilare \u00e8 chiesto di avere come obiettivo il bene dei bambini, innanzi tutto, ma anche quello dei genitori naturali. <\/p>\n","protected":false},"author":3,"featured_media":6947,"comment_status":"closed","ping_status":"closed","sticky":false,"template":"","format":"standard","meta":{"footnotes":""},"categories":[459,4,36],"tags":[915,913,914],"class_list":["post-6946","post","type-post","status-publish","format-standard","has-post-thumbnail","hentry","category-attualita","category-news","category-news-luce-e-vita","tag-affido","tag-bibbiano","tag-minori"],"acf":[],"_links":{"self":[{"href":"https:\/\/www.diocesimolfetta.it\/luceevita\/wp-json\/wp\/v2\/posts\/6946","targetHints":{"allow":["GET"]}}],"collection":[{"href":"https:\/\/www.diocesimolfetta.it\/luceevita\/wp-json\/wp\/v2\/posts"}],"about":[{"href":"https:\/\/www.diocesimolfetta.it\/luceevita\/wp-json\/wp\/v2\/types\/post"}],"author":[{"embeddable":true,"href":"https:\/\/www.diocesimolfetta.it\/luceevita\/wp-json\/wp\/v2\/users\/3"}],"replies":[{"embeddable":true,"href":"https:\/\/www.diocesimolfetta.it\/luceevita\/wp-json\/wp\/v2\/comments?post=6946"}],"version-history":[{"count":2,"href":"https:\/\/www.diocesimolfetta.it\/luceevita\/wp-json\/wp\/v2\/posts\/6946\/revisions"}],"predecessor-version":[{"id":6949,"href":"https:\/\/www.diocesimolfetta.it\/luceevita\/wp-json\/wp\/v2\/posts\/6946\/revisions\/6949"}],"wp:featuredmedia":[{"embeddable":true,"href":"https:\/\/www.diocesimolfetta.it\/luceevita\/wp-json\/wp\/v2\/media\/6947"}],"wp:attachment":[{"href":"https:\/\/www.diocesimolfetta.it\/luceevita\/wp-json\/wp\/v2\/media?parent=6946"}],"wp:term":[{"taxonomy":"category","embeddable":true,"href":"https:\/\/www.diocesimolfetta.it\/luceevita\/wp-json\/wp\/v2\/categories?post=6946"},{"taxonomy":"post_tag","embeddable":true,"href":"https:\/\/www.diocesimolfetta.it\/luceevita\/wp-json\/wp\/v2\/tags?post=6946"}],"curies":[{"name":"wp","href":"https:\/\/api.w.org\/{rel}","templated":true}]}}