{"id":7088,"date":"2019-10-25T15:00:51","date_gmt":"2019-10-25T13:00:51","guid":{"rendered":"http:\/\/www.diocesimolfetta.it\/luceevita\/?p=7088"},"modified":"2019-10-25T15:00:51","modified_gmt":"2019-10-25T13:00:51","slug":"italia-paese-vietato-ai-minori","status":"publish","type":"post","link":"https:\/\/www.diocesimolfetta.it\/luceevita\/italia-paese-vietato-ai-minori\/","title":{"rendered":"Italia, paese vietato ai minori"},"content":{"rendered":"<div id=\"attachment_7089\" style=\"width: 712px\" class=\"wp-caption aligncenter\"><img loading=\"lazy\" decoding=\"async\" aria-describedby=\"caption-attachment-7089\" class=\"size-large wp-image-7089\" src=\"https:\/\/www.diocesimolfetta.it\/luceevita\/wp-content\/uploads\/sites\/2\/2019\/10\/lev-35-702x1024.jpg\" alt=\"\" width=\"702\" height=\"1024\" srcset=\"https:\/\/www.diocesimolfetta.it\/luceevita\/wp-content\/uploads\/sites\/2\/2019\/10\/lev-35-702x1024.jpg 702w, https:\/\/www.diocesimolfetta.it\/luceevita\/wp-content\/uploads\/sites\/2\/2019\/10\/lev-35-206x300.jpg 206w, https:\/\/www.diocesimolfetta.it\/luceevita\/wp-content\/uploads\/sites\/2\/2019\/10\/lev-35-768x1121.jpg 768w, https:\/\/www.diocesimolfetta.it\/luceevita\/wp-content\/uploads\/sites\/2\/2019\/10\/lev-35-192x280.jpg 192w, https:\/\/www.diocesimolfetta.it\/luceevita\/wp-content\/uploads\/sites\/2\/2019\/10\/lev-35-526x768.jpg 526w, https:\/\/www.diocesimolfetta.it\/luceevita\/wp-content\/uploads\/sites\/2\/2019\/10\/lev-35-800x1167.jpg 800w, https:\/\/www.diocesimolfetta.it\/luceevita\/wp-content\/uploads\/sites\/2\/2019\/10\/lev-35.jpg 832w\" sizes=\"auto, (max-width: 702px) 100vw, 702px\" \/><p id=\"caption-attachment-7089\" class=\"wp-caption-text\">Prima pagina<\/p><\/div>\n<p>In Italia oltre 1,2 milioni di minori vivono in condizioni di povert\u00e0 assoluta, un dato che nel corso degli ultimi 10 anni \u00e8 pi\u00f9 che triplicato, passando dal 3,7% del 2008 al 12,5% del 2018. In termini assoluti i numeri sono ancora pi\u00f9 impressionanti: nel 2008 i minori in questa condizione erano circa 375mila, nel 2014 gi\u00e0 sfioravano 1,2 milioni. Attualmente i minori in povert\u00e0 assoluta sono 1 milione 260mila (563mila a sud, 508mila a nord e 192mila al centro).<br \/>\n\u00c8 quanto emerge dal X Atlante dell\u2019infanzia a rischio di Save the Children presentato luned\u00ec 21 ottobre, intitolato \u201cIl tempo dei bambini\u201d in cui si fa il bilancio della condizione di bambini e adolescenti in Italia negli ultimi dieci anni e viene presentato in occasione della nuova edizione della campagna \u201cIlluminiamo il futuro\u201d per il contrasto alla povert\u00e0 educativa.<br \/>\nPerch\u00e9 povert\u00e0 economica fa rima con denatalit\u00e0 ma soprattutto con povert\u00e0 educativa. I minori rappresentano soltanto il 16,2% della popolazione, mentre rispetto allo scorso anno scolastico, quest\u2019anno si sono iscritti al primo anno delle primarie 23mila bambini in meno alle secondarie si registra una flessione di altri 20mila studenti. \u201cManca un piano strategico per l\u2019infanzia e l\u2019adolescenza\u201d, denuncia Valerio Neri, direttore generale di Save the Children, segnalando che il nostro \u00e8 uno dei Paesi europei che investe meno in questo ambito. Parla di \u201cinaccettabili differenze regionali\u201d il presidente dell\u2019organizzazione Claudio Tesauro sottolineando che \u201ca fronte di una spesa sociale media annua per l\u2019area famiglia e minori di 172 euro pro capite per interventi da parte dei Comuni, la Calabria si attesta sui 26 euro e l\u2019Emilia Romagna sui 316.<br \/>\nInoltre, 1 giovane su 7 (il 14,5%, ma in Calabria, Sicilia e Sardegna supera il 20%) ha abbandonato precocemente gli studi, quasi la met\u00e0 dei bambini e adolescenti non ha letto un libro extrascolastico in un anno, circa 1 su 5 non fa sport. Neri parla di \u201cPaese \u2018vietato ai minori\u2019\u201d; entrambi auspicano che il premier Conte \u201cnella prossima legge di bilancio sappia dare seguito concreto a quanto annunciato per garantire maggiore accesso agli asili nido, a partire dalle aree del paese dove maggiormente si concentra la povert\u00e0 minorile\u201d.<br \/>\nNeri rilancia la campagna \u201cIlluminiamo il futuro\u201d contro la povert\u00e0 educativa, ormai giunta al suo sesto anno, e chiede di firmare la petizione online per il recupero di 16 spazi pubblici da nord a sud, oggi abbandonati, da destinare ad attivit\u00e0 extrascolastiche gratuite per i bambini. A partire da oggi \u00e8 prevista una settimana di mobilitazione, accompagnata sui social dall\u2019hashtag #italiavietatAiminori.<br \/>\nIlaria Antonini, capogabinetto del ministero per le Pari opportunit\u00e0, famiglia e disabilit\u00e0, annuncia la ricostituzione dell\u2019Osservatorio nazionale sull\u2019infanzia e l\u2019adolescenza, che \u201cdovr\u00e0 attuare il monitoraggio del quarto Piano nazionale per l\u2019infanzia e agire per costruire subito il quinto Piano nazionale\u201d. Dallo scrittore Gianrico Carofiglio, l\u2019invito a \u201cnon guardare solo quello che non funziona; occorre cercare quello che funziona bene e attivare il contagio positivo\u201d. A sottolineare l\u2019importanza di una \u201ccomunit\u00e0 educante\u201d \u00e8 Marco Imperiale, direttore dell\u2019impresa sociale Con i bambini che gestisce il Fondo sperimentale di contrasto alla povert\u00e0 educativa (300 progetti per un valore di 200 milioni), invitando a \u201cmettere a sistema i dati sparsi che esistono; dati obiettivi e certificati sono essenziali per fare progettazioni mirate ma anche per misurare il funzionamento effettivo di quanto messo in campo\u201d.<br \/>\nCederna si sofferma inoltre sul legame povert\u00e0 \u2013 cambiamenti climatici e sull\u2019importanza di \u201cfar crescere tra i ragazzi la consapevolezza in materia. Quest\u2019anno, per fortuna \u2013 dice \u2013 c\u2019\u00e8 stata la \u2018scossa di Greta\u2019\u201d. Di qui la testimonianza di due studenti del movimento Fridays for Future. Dice Dario Rapiti: \u201cLe nostre piazze sono sempre pi\u00f9 partecipate, abbiamo ben presente i nostri obiettivi, gli interlocutori e le soluzioni da mettere in campo. Non ci accontentiamo di politiche spot: l\u2019ambiente deve essere al centro dell\u2019agenda di governo: ambiente e scuola sono i pilastri su cui costruire il nostro futuro\u201d. \u201cVogliamo riprenderci ci\u00f2 che \u00e8 nostro in questo universo e saremo inarrestabili\u201d, assicura Federica Gasbarro annunciando il prossimo sciopero nazionale del 29 novembre. Tra le diverse iniziative avviate da Save the Children sul territorio, i 24 i Punti luce attivati nelle aree svantaggiate delle citt\u00e0 di 14 regioni per offrire opportunit\u00e0 formative gratuite a ragazzi tra i 6 e i 17 anni, e gli Spazi mamme dedicati a madri e piccoli 0-6 anni in situazioni di marginalit\u00e0.<\/p>\n<p>Giovanna Pasqualin Traversa, SIR<\/p>\n","protected":false},"excerpt":{"rendered":"<p>Pubblicato l\u2019atlante dell\u2019infanzia a rischio di Save the Children. In Italia oltre 1,2 milioni di minori vivono in condizioni di povert\u00e0 assoluta, un dato che nel corso degli ultimi 10 anni \u00e8 pi\u00f9 che triplicato, passando dal 3,7% del 2008 al 12,5% del 2018. <\/p>\n","protected":false},"author":3,"featured_media":7089,"comment_status":"closed","ping_status":"closed","sticky":false,"template":"","format":"standard","meta":{"footnotes":""},"categories":[459,13,3,4],"tags":[140,914,962,961],"class_list":["post-7088","post","type-post","status-publish","format-standard","has-post-thumbnail","hentry","category-attualita","category-editoriali","category-evidenza","category-news","tag-editoriale","tag-minori","tag-poverta","tag-save-the-children-luce-e-vita"],"acf":[],"_links":{"self":[{"href":"https:\/\/www.diocesimolfetta.it\/luceevita\/wp-json\/wp\/v2\/posts\/7088","targetHints":{"allow":["GET"]}}],"collection":[{"href":"https:\/\/www.diocesimolfetta.it\/luceevita\/wp-json\/wp\/v2\/posts"}],"about":[{"href":"https:\/\/www.diocesimolfetta.it\/luceevita\/wp-json\/wp\/v2\/types\/post"}],"author":[{"embeddable":true,"href":"https:\/\/www.diocesimolfetta.it\/luceevita\/wp-json\/wp\/v2\/users\/3"}],"replies":[{"embeddable":true,"href":"https:\/\/www.diocesimolfetta.it\/luceevita\/wp-json\/wp\/v2\/comments?post=7088"}],"version-history":[{"count":1,"href":"https:\/\/www.diocesimolfetta.it\/luceevita\/wp-json\/wp\/v2\/posts\/7088\/revisions"}],"predecessor-version":[{"id":7090,"href":"https:\/\/www.diocesimolfetta.it\/luceevita\/wp-json\/wp\/v2\/posts\/7088\/revisions\/7090"}],"wp:featuredmedia":[{"embeddable":true,"href":"https:\/\/www.diocesimolfetta.it\/luceevita\/wp-json\/wp\/v2\/media\/7089"}],"wp:attachment":[{"href":"https:\/\/www.diocesimolfetta.it\/luceevita\/wp-json\/wp\/v2\/media?parent=7088"}],"wp:term":[{"taxonomy":"category","embeddable":true,"href":"https:\/\/www.diocesimolfetta.it\/luceevita\/wp-json\/wp\/v2\/categories?post=7088"},{"taxonomy":"post_tag","embeddable":true,"href":"https:\/\/www.diocesimolfetta.it\/luceevita\/wp-json\/wp\/v2\/tags?post=7088"}],"curies":[{"name":"wp","href":"https:\/\/api.w.org\/{rel}","templated":true}]}}