{"id":7221,"date":"2019-12-20T18:23:30","date_gmt":"2019-12-20T17:23:30","guid":{"rendered":"http:\/\/www.diocesimolfetta.it\/luceevita\/?p=7221"},"modified":"2019-12-20T18:24:34","modified_gmt":"2019-12-20T17:24:34","slug":"luce-vita-arte-natale-2019","status":"publish","type":"post","link":"https:\/\/www.diocesimolfetta.it\/luceevita\/luce-vita-arte-natale-2019\/","title":{"rendered":"Rassegna di Luce e Vita Arte per il Natale 2019"},"content":{"rendered":"<p><iframe loading=\"lazy\" src=\"https:\/\/www.youtube.com\/embed\/WMp8ETbrrXc?start=9\" width=\"560\" height=\"315\" frameborder=\"0\" allowfullscreen=\"allowfullscreen\"><\/iframe><\/p>\n<p>N. 43 del settimanale Luce e Vita di domenica 22 dicembre<br \/>\nDedichiamo la prima pagina all&#8217;attesa del Natale, con i versi di Gianni Antonio Palumbo, nostro redattore. La nascita \u00e8 una sfida contro l&#8217;insignificanza e nel mezzo delle tante seduzioni.<br \/>\nTutto il giornale \u00e8 illustrato con fotografie di presepi allestiti presso alcune parrocchie e famiglie delle quattro citt\u00e0.<br \/>\nA p. 2 il messaggio di Mons. Cornacchia. Il Natale come festa dei desideri, per piccoli e adulti. Dio, questi desideri dell&#8217;uomo li ha raccolti nel suo cuore e ha deciso di inviarceli come regali, anzi, ci ha donato IL REGALO: GES\u00d9 BAMBINO, EMMANUELE &#8211; DIO CON NOI scrive il vescovo, sottolineando il prezioso dono della vita.<br \/>\nA p. 3, la rubrica dell&#8217;Avvento propone un fatto di vita buona sulla parola &#8220;accoglienza&#8221;. Roberta Carlucci racconta infatti la scelta di una famiglia di Giovinazzo che ha accolto in casa un giovane nigerino &#8230; Don Vito Bufi si sofferma sulla figura di Giuseppe, sposo di Maria, uomo che accoglie la novit\u00e0 non senza qualche titubanza. L&#8217;Avvento permette a Dio di entrare nei nostri sogni per ricordarci di prenderci cura della vita.<br \/>\nA p. 4 una prospettiva insolita sul Natale. Come lo vivono i non credenti? Ce lo racconta Isidoro Davide Mortellaro, docente di Storia delle relazioni internazionali, Universit\u00e0 di Bari<br \/>\nA p. 5 anticipiamo il senso della Giornata della Parola, indetta da papa Francesco a gennaio. La verit\u00e0 \u00e8 vita che si lascia toccare dall&#8217;amore e l&#8217;uomo impara dalla Scrittura, perch\u00e9 \u00e8 l\u00ec che Dio lascia un messaggio per ciascuno di noi. In box il programma delle tre giornate bibliche che vivremo in diocesi dal 15 al 17 gennaio prossimi.<br \/>\nP. 6 lascia spazio alle associazioni che fanno parte della Consulta Diocesana delle Aggregazioni Laicali. Su questo numero si presenta Pax Christi, movimento per la promozione e la costruzione della pace.<br \/>\nA p. 7, prosegue la rubrica Audiant et laetentur sull&#8217;episcopato diJon Tonino Bello, quest&#8217;anno curata da don Ignazio Pansini. In particolare, alcune confidenze del Servo di Dio scritte nelle lettere a conclusione degli incontri con le parrocchie durante la sua visita pastorale.<br \/>\nInfine, in ultima pagina, la rubrica di spiritualit\u00e0 curata da don Luigi Ziccolella. Riportiamo anche una lettera su don Nino Prudente, sacerdote cofondatore della Comunit\u00e0 CASA di Ruvo, ritiratosi poi dal ministero sacerdotale a vita privata, di cui si rinnova poco il ricordo e l&#8217;operato. Sul settimanale indichiamo inoltre le celebrazioni del vescovo nel tempo del Natale.<br \/>\nRicordiamo che \u00e8 possibile rinnovare o sottoscrivere l&#8217;abbonamento a Luce e Vita per il 2020, che \u00e8 anche disponibile nelle parrocchie della Diocesi.<br \/>\nLa redazione formula i pi\u00f9 sinceri auguri a tutti i Lettori di Luce e Vita. Buon Natale!<\/p>\n<p>Buona lettura!<\/p>\n<div id=\"attachment_7223\" style=\"width: 712px\" class=\"wp-caption aligncenter\"><img loading=\"lazy\" decoding=\"async\" aria-describedby=\"caption-attachment-7223\" class=\"size-large wp-image-7223\" src=\"https:\/\/www.diocesimolfetta.it\/luceevita\/wp-content\/uploads\/sites\/2\/2019\/12\/lev-43-702x1024.jpg\" alt=\"\" width=\"702\" height=\"1024\" srcset=\"https:\/\/www.diocesimolfetta.it\/luceevita\/wp-content\/uploads\/sites\/2\/2019\/12\/lev-43.jpg 702w, https:\/\/www.diocesimolfetta.it\/luceevita\/wp-content\/uploads\/sites\/2\/2019\/12\/lev-43-206x300.jpg 206w, https:\/\/www.diocesimolfetta.it\/luceevita\/wp-content\/uploads\/sites\/2\/2019\/12\/lev-43-192x280.jpg 192w, https:\/\/www.diocesimolfetta.it\/luceevita\/wp-content\/uploads\/sites\/2\/2019\/12\/lev-43-527x768.jpg 527w\" sizes=\"auto, (max-width: 702px) 100vw, 702px\" \/><p id=\"caption-attachment-7223\" class=\"wp-caption-text\">Prima pagina<\/p><\/div>\n","protected":false},"excerpt":{"rendered":"<p>Dedichiamo la prima pagina all&#8217;attesa del Natale, con i versi di Gianni Antonio Palumbo, nostro redattore. Tutto il giornale \u00e8 illustrato con fotografie di presepi allestiti presso alcune parrocchie e famiglie delle quattro citt\u00e0. Il messaggio di Mons. Cornacchia, la scelta di una famiglia di Giovinazzo che ha accolto in casa un giovane nigerino, Come vivono il Natale i non credenti? Il senso della Giornata della Parola, Pax Christi in Diocesi,  la rubrica Audiant et laetentur sull&#8217;episcopato di don Tonino Bello, la rubrica di spiritualit\u00e0 e una lettera relativa a don Nino Prudente, sacerdote cofondatore della Comunit\u00e0 CASA di Ruvo.<\/p>\n","protected":false},"author":3,"featured_media":7223,"comment_status":"closed","ping_status":"closed","sticky":false,"template":"","format":"standard","meta":{"footnotes":""},"categories":[459,3,23,4],"tags":[25,738,997,575],"class_list":["post-7221","post","type-post","status-publish","format-standard","has-post-thumbnail","hentry","category-attualita","category-evidenza","category-levarte","category-news","tag-luce-e-vita","tag-luce-e-vita-arte","tag-natale-2019","tag-rassegna"],"acf":[],"_links":{"self":[{"href":"https:\/\/www.diocesimolfetta.it\/luceevita\/wp-json\/wp\/v2\/posts\/7221","targetHints":{"allow":["GET"]}}],"collection":[{"href":"https:\/\/www.diocesimolfetta.it\/luceevita\/wp-json\/wp\/v2\/posts"}],"about":[{"href":"https:\/\/www.diocesimolfetta.it\/luceevita\/wp-json\/wp\/v2\/types\/post"}],"author":[{"embeddable":true,"href":"https:\/\/www.diocesimolfetta.it\/luceevita\/wp-json\/wp\/v2\/users\/3"}],"replies":[{"embeddable":true,"href":"https:\/\/www.diocesimolfetta.it\/luceevita\/wp-json\/wp\/v2\/comments?post=7221"}],"version-history":[{"count":1,"href":"https:\/\/www.diocesimolfetta.it\/luceevita\/wp-json\/wp\/v2\/posts\/7221\/revisions"}],"predecessor-version":[{"id":7224,"href":"https:\/\/www.diocesimolfetta.it\/luceevita\/wp-json\/wp\/v2\/posts\/7221\/revisions\/7224"}],"wp:featuredmedia":[{"embeddable":true,"href":"https:\/\/www.diocesimolfetta.it\/luceevita\/wp-json\/wp\/v2\/media\/7223"}],"wp:attachment":[{"href":"https:\/\/www.diocesimolfetta.it\/luceevita\/wp-json\/wp\/v2\/media?parent=7221"}],"wp:term":[{"taxonomy":"category","embeddable":true,"href":"https:\/\/www.diocesimolfetta.it\/luceevita\/wp-json\/wp\/v2\/categories?post=7221"},{"taxonomy":"post_tag","embeddable":true,"href":"https:\/\/www.diocesimolfetta.it\/luceevita\/wp-json\/wp\/v2\/tags?post=7221"}],"curies":[{"name":"wp","href":"https:\/\/api.w.org\/{rel}","templated":true}]}}