{"id":7264,"date":"2020-01-17T10:27:43","date_gmt":"2020-01-17T09:27:43","guid":{"rendered":"http:\/\/www.diocesimolfetta.it\/luceevita\/?p=7264"},"modified":"2020-01-17T10:28:15","modified_gmt":"2020-01-17T09:28:15","slug":"giornata-del-seminario-crescere-ed-interrogarsi-raggiungere-meglio-della-vita","status":"publish","type":"post","link":"https:\/\/www.diocesimolfetta.it\/luceevita\/giornata-del-seminario-crescere-ed-interrogarsi-raggiungere-meglio-della-vita\/","title":{"rendered":"Giornata del Seminario: Crescere ed interrogarsi per raggiungere il meglio della vita"},"content":{"rendered":"<p><img loading=\"lazy\" decoding=\"async\" class=\"wp-image-7266 alignright\" src=\"https:\/\/www.diocesimolfetta.it\/luceevita\/wp-content\/uploads\/sites\/2\/2020\/01\/lev3-702x1024.jpg\" alt=\"\" width=\"490\" height=\"715\" srcset=\"https:\/\/www.diocesimolfetta.it\/luceevita\/wp-content\/uploads\/sites\/2\/2020\/01\/lev3.jpg 702w, https:\/\/www.diocesimolfetta.it\/luceevita\/wp-content\/uploads\/sites\/2\/2020\/01\/lev3-206x300.jpg 206w, https:\/\/www.diocesimolfetta.it\/luceevita\/wp-content\/uploads\/sites\/2\/2020\/01\/lev3-192x280.jpg 192w, https:\/\/www.diocesimolfetta.it\/luceevita\/wp-content\/uploads\/sites\/2\/2020\/01\/lev3-527x768.jpg 527w\" sizes=\"auto, (max-width: 490px) 100vw, 490px\" \/>Quando vediamo un gruppo di ragaz\u00adzini subito la mente ci porta ad esternare pregiudizi contro di essi: \u00abNon si impegnano, sono buoni a nulla, sono depressi e stanchi, non sanno pren\u00addere decisioni, stanno sempre col cellula\u00adre in mano&#8230;\u00bb. Tutto ci\u00f2 inevitabilmente scredita il mondo dei giovani facendoci pensare che solo il mondo degli adulti vale ed \u00e8 importante, ma cos\u00ec non \u00e8. Ne \u00e8 prova la comunit\u00e0 del nostro Seminario diocesano.<br \/>\nComposta da nove ragazzi, di et\u00e0 compresa tra i 14 e i 18 anni, che liberamente hanno deciso di sperimen\u00adtare l\u2019esperienza della vita comunitaria. Niente a che vedere con i collegi di taluni Reality.<br \/>\nIl Seminario non \u00e8 un collegio, \u00e8 una comunit\u00e0 dove non si respira l\u2019aria del rigore e della punizione ma il profumo sempre piacevole di una grande famiglia, seppur anche da noi ci sono regole e dinamiche da dover rispettare.<br \/>\nCome \u00e8 possibile che un adolescente prenda la de\u00adcisione di salutare la sua casa, mamma e pap\u00e0, il lune\u00add\u00ec mattina e rivederli il venerd\u00ec pomeriggio?<br \/>\nOgni adolescente porta con s\u00e8 desideri, aspettative, sogni, interrogativi per la vita futura. La vera questione \u00e8 come gestire tutto ci\u00f2? Ebbene questi giovani hanno conosciuto attraverso la propria Parrocchia, attraverso gli amici o tramite una testimonianza, la grande fami\u00adglia del Seminario e hanno scoperto che essa ha questa funzione: mettersi a servizio del giovane per accompa\u00adgnarlo verso una scelta matura che prender\u00e0 appena adulto. Scelta che orienter\u00e0 tutta quanta l\u2019esistenza come ad esempio proseguire il cammino vocazionale nel Seminario Maggiore per prepararsi alla vita sacer\u00addotale o accarezzare l\u2019idea di un amore familiare op\u00adpure continuare a crescere ed interrogarsi su come arrivare al \u201cmeglio della vita\u201d (Christus vivit 143). Ci\u00f2 avviene in un tempo e spazio fatto di condivisione fraterna e di crescita grazie a formatori e a persone che si spendono per il cammino di questi giovani.<br \/>\nUna comunit\u00e0 che accompagna gli adolescenti ad essere persone felici \u00e8 proprio una rarit\u00e0. Tra l\u2019altro, trovare ragazzi che gi\u00e0 dall\u2019et\u00e0 adolescenziale si met\u00adtono in gioco, puntano a crescere, a fare delle scelte, a prendere in mano la vita e talvolta a provare anche \u201cil brivido\u201d di incamminarsi verso ci\u00f2 che non si conosce ancora bene, mi fa pensare al fatto che esistono sul nostro pianeta ragazzi che \u201cfanno la differenza\u201d e che testimoniano coraggio e desiderio di essere santi nelle scelte che faranno.<br \/>\nIl mondo adolescenziale allora non \u00e8 sempre ine\u00adducazione e pigrizia, ma soprattutto ricchezza e spe\u00adranza in un futuro di condivisione e comunione che va controcorrente.<br \/>\nCertamente l\u2019opinione pubblica sul futuro dei Semi\u00adnari minori risulta essere varia: oggi in Italia tanti di essi chiudono per mancanza di ragazzi, ma ben pochi sanno che ci sono tanti altri Seminari che crescono e mutano nei loro aspetti e formule di accompagnamen\u00adto. L\u2019aria di disfattismo che fa lanciare a sproposito espressioni del tipo \u00abTanto tra poco i Seminari minori chiuderanno, che serve pi\u00f9 impegnarsi?\u00bb non fa proprio bene a queste comunit\u00e0, anzi porta a spendersi sempre meno per delle realt\u00e0 che non hanno pari in termini di accompagnamento degli adolescenti.<br \/>\nGuardando la nostra comunit\u00e0 non riesco ad im\u00admaginarla chiusa. Certo, tutto pu\u00f2 accadere in un mondo in cui tutto cambia e si trasforma velocemen\u00adte, ma sentirsi dire dai seminaristi l\u2019ultimo giorno prima di ritornare a casa per le festivit\u00e0 natalizie: \u00abdon, vogliamo restare ancora un altro po\u2019 qu\u00e0\u00bb oltre che far vibrare le corde del mio cuore di sacerdote, mi fa prendere consapevolezza che la nostra comunit\u00e0 ha motivi per esistere e che una strada giusta pu\u00f2 essere investire su di essa sia termini di risorse economiche, da non sottovalutare, che in termini di risorse umane, mai abbastanza.<\/p>\n<p>don Vincenzo Sparapano, rettore del Seminario diocesano<\/p>\n<p><strong>La comunit\u00e0 del Seminario 2019\/2020<\/strong><br \/>\n<strong>Ragazzi seminaristi:<\/strong> Christian Fracchiolla (Concattedrale in Ruvo); Rocco Catalano (Immacolata in Ruvo); Stefanoandrea Balzano (Immacolata in Terlizzi); Emanuele Paparella (S.Famiglia in Ruvo); Antonio Tambone (S.Giuseppe in Giovinazzo); Francesco Cirilli (S.Bernardino in Molfetta); Giuseppe Gesmundo (S.Lucia in Ruvo); Davide Minafra (Santa Lucia in Ruvo); Pierfrancesco Barile (Immacolata in Terlizzi)<\/p>\n<p><strong>\u00c9quipe formativa:<\/strong> don Vincenzo Sparapano, Rettore; don Luigi Ziccolella, Vicerettore; don Raffaele Gramegna, Padre Spirituale; sorella Giovanna Parracino, Psicologa per la Formazione.<\/p>\n<p><strong>Docenti per l\u2019assistenza allo studio:<\/strong> Rosa Spaccavento (Lettere); Matteo Corrieri (Matematica); Franco Allegretta (Fisica e Chimica); Francesca De Gioia (Lingue straniere)<\/p>\n","protected":false},"excerpt":{"rendered":"<p>Domenica 19 gennaio si celebra la giornata del seminario diocesano. Nove ragazzi fra i 14 e 18 anni vivono l\u2019esperienza di formazione e discernimento.<\/p>\n","protected":false},"author":3,"featured_media":7266,"comment_status":"closed","ping_status":"closed","sticky":false,"template":"","format":"standard","meta":{"footnotes":""},"categories":[459,601,380,3,4],"tags":[1011,38,761],"class_list":["post-7264","post","type-post","status-publish","format-standard","has-post-thumbnail","hentry","category-attualita","category-centro-diocesano-vocazioni","category-esperienze-pastorali","category-evidenza","category-news","tag-giornata-seminario","tag-molfetta","tag-vocazioni"],"acf":[],"_links":{"self":[{"href":"https:\/\/www.diocesimolfetta.it\/luceevita\/wp-json\/wp\/v2\/posts\/7264","targetHints":{"allow":["GET"]}}],"collection":[{"href":"https:\/\/www.diocesimolfetta.it\/luceevita\/wp-json\/wp\/v2\/posts"}],"about":[{"href":"https:\/\/www.diocesimolfetta.it\/luceevita\/wp-json\/wp\/v2\/types\/post"}],"author":[{"embeddable":true,"href":"https:\/\/www.diocesimolfetta.it\/luceevita\/wp-json\/wp\/v2\/users\/3"}],"replies":[{"embeddable":true,"href":"https:\/\/www.diocesimolfetta.it\/luceevita\/wp-json\/wp\/v2\/comments?post=7264"}],"version-history":[{"count":1,"href":"https:\/\/www.diocesimolfetta.it\/luceevita\/wp-json\/wp\/v2\/posts\/7264\/revisions"}],"predecessor-version":[{"id":7267,"href":"https:\/\/www.diocesimolfetta.it\/luceevita\/wp-json\/wp\/v2\/posts\/7264\/revisions\/7267"}],"wp:featuredmedia":[{"embeddable":true,"href":"https:\/\/www.diocesimolfetta.it\/luceevita\/wp-json\/wp\/v2\/media\/7266"}],"wp:attachment":[{"href":"https:\/\/www.diocesimolfetta.it\/luceevita\/wp-json\/wp\/v2\/media?parent=7264"}],"wp:term":[{"taxonomy":"category","embeddable":true,"href":"https:\/\/www.diocesimolfetta.it\/luceevita\/wp-json\/wp\/v2\/categories?post=7264"},{"taxonomy":"post_tag","embeddable":true,"href":"https:\/\/www.diocesimolfetta.it\/luceevita\/wp-json\/wp\/v2\/tags?post=7264"}],"curies":[{"name":"wp","href":"https:\/\/api.w.org\/{rel}","templated":true}]}}