{"id":7605,"date":"2020-05-24T00:52:40","date_gmt":"2020-05-23T22:52:40","guid":{"rendered":"http:\/\/www.diocesimolfetta.it\/luceevita\/?p=7605"},"modified":"2020-05-24T00:59:16","modified_gmt":"2020-05-23T22:59:16","slug":"cornacchia-per-continuare-a-narrare","status":"publish","type":"post","link":"https:\/\/www.diocesimolfetta.it\/luceevita\/cornacchia-per-continuare-a-narrare\/","title":{"rendered":"Cornacchia: Per continuare a narrare. (Sfoglia il giornale)"},"content":{"rendered":"<div id=\"attachment_7606\" style=\"width: 395px\" class=\"wp-caption alignright\"><a href=\"http:\/\/www.diocesimolfetta.it\/luceevita\/wp-content\/uploads\/sites\/2\/2020\/05\/lev-21.pdf\" target=\"_blank\" rel=\"noopener noreferrer\"><img loading=\"lazy\" decoding=\"async\" aria-describedby=\"caption-attachment-7606\" class=\"wp-image-7606\" src=\"https:\/\/www.diocesimolfetta.it\/luceevita\/wp-content\/uploads\/sites\/2\/2020\/05\/lev-21-702x1024.jpg\" alt=\"\" width=\"385\" height=\"562\" srcset=\"https:\/\/www.diocesimolfetta.it\/luceevita\/wp-content\/uploads\/sites\/2\/2020\/05\/lev-21-702x1024.jpg 702w, https:\/\/www.diocesimolfetta.it\/luceevita\/wp-content\/uploads\/sites\/2\/2020\/05\/lev-21-206x300.jpg 206w, https:\/\/www.diocesimolfetta.it\/luceevita\/wp-content\/uploads\/sites\/2\/2020\/05\/lev-21-768x1121.jpg 768w, https:\/\/www.diocesimolfetta.it\/luceevita\/wp-content\/uploads\/sites\/2\/2020\/05\/lev-21-192x280.jpg 192w, https:\/\/www.diocesimolfetta.it\/luceevita\/wp-content\/uploads\/sites\/2\/2020\/05\/lev-21-526x768.jpg 526w, https:\/\/www.diocesimolfetta.it\/luceevita\/wp-content\/uploads\/sites\/2\/2020\/05\/lev-21-1053x1536.jpg 1053w, https:\/\/www.diocesimolfetta.it\/luceevita\/wp-content\/uploads\/sites\/2\/2020\/05\/lev-21-1404x2048.jpg 1404w, https:\/\/www.diocesimolfetta.it\/luceevita\/wp-content\/uploads\/sites\/2\/2020\/05\/lev-21-800x1167.jpg 800w, https:\/\/www.diocesimolfetta.it\/luceevita\/wp-content\/uploads\/sites\/2\/2020\/05\/lev-21-1200x1751.jpg 1200w, https:\/\/www.diocesimolfetta.it\/luceevita\/wp-content\/uploads\/sites\/2\/2020\/05\/lev-21-1320x1926.jpg 1320w, https:\/\/www.diocesimolfetta.it\/luceevita\/wp-content\/uploads\/sites\/2\/2020\/05\/lev-21-scaled.jpg 1755w\" sizes=\"auto, (max-width: 385px) 100vw, 385px\" \/><\/a><p id=\"caption-attachment-7606\" class=\"wp-caption-text\">Sfoglia il giornale<\/p><\/div>\n<p>Carissimi,<br \/>\nla 54^ Giornata Mondiale delle Comunicazioni sociali, che celebriamo nella domenica dell\u2019Ascensione, si riveste quest\u2019anno di molteplici significati.<br \/>\nIl primo \u00e8, appunto, la Giornata mondiale delle Comunicazioni Sociali, l\u2019unica istituita profeticamente dal Concilio Vaticano II, con la relativa disposizione contenuta nel paragrafo 18 del decreto Inter Mirifica: \u201cAl fine poi di rendere pi\u00f9 efficace il multiforme apostolato della Chiesa con l\u2019impiego degli strumenti di comunicazione sociale, ogni anno in tutte le diocesi del mondo, a giudizio dei vescovi, venga celebrata una \u00abgiornata\u00bb nella quale i fedeli siano istruiti sui loro doveri in questo settore, invitati a speciali preghiere per questo scopo e a contribuirvi con le loro offerte. Queste saranno debitamente destinate a sostenere le iniziative e le opere promosse dalla Chiesa in questo campo, secondo le necessit\u00e0 dell\u2019orbe cattolico\u201d.<br \/>\nInformazione ai fedeli, preghiera, raccolta di fondi, tre obiettivi che coinvolgono ogni anno anche la nostra Diocesi. Infatti in questa giornata l\u2019Ufficio Comunicazioni sociali offre spunti perch\u00e8 nelle parrocchie si dia spazio a questa componente della pastorale che proprio negli ultimi mesi, spinti dall\u2019emergenza, abbiamo tutti dovuto fare pi\u00f9 nostra nei modi che ci sono stati possibili.<br \/>\nIl messaggio del Papa \u201cPerch\u00e9 tu possa raccontare e fissare nella memoria\u201d (Es 10,2). La vita si fa storia, ci sollecita sul tema della narrazione, \u201cperch\u00e9 credo che per non smarrirci abbiamo bisogno di respirare la verit\u00e0 delle storie buone: storie che edifichino, non che distruggano; storie che aiutino a ritrovare le radici e la forza per andare avanti insieme. Nella confusione delle voci e dei messaggi che ci circondano, abbiamo bisogno di una narrazione umana, che ci parli di noi e del bello che ci abita. Una narrazione che sappia guardare il mondo e gli eventi con tenerezza; che racconti il nostro essere parte di un tessuto vivo; che riveli l\u2019intreccio dei fili coi quali siamo collegati gli uni agli altri\u201d.<br \/>\nE&#8217; qui che si radica il secondo significato di questa giornata: il nostro, quasi centenario, settimanale Luce e Vita costituisce proprio quel filo rosso di narrazione della nostra vita e della nostra storia, che puntualmente ci restituisce i vissuti personali e comunitari. Ci sollecita a guardare dentro gli avvenimenti, a non fermarci in superficie, ma &#8211; come detto in un recente incontro di verifica &#8211; a grattare sotto la scorza degli avvenimenti, per leggere con la luce di Dio la nostra vita, e con la nostra vita, radicata in Dio, far luce sulle strade del mondo. Incoraggio quindi a promuovere il nostro giornale, non per dovere, ma per desiderio di comunione. Quanto vorrei che in ogni famiglia giungesse ogni settimana il giornale diocesano e che tutti sentissero l\u2019esigenza di sostenerlo anche con il proprio contributo! Esso \u00e8 il motore della comunicazione in Diocesi, insieme agli altri mezzi della comunicazione attivati negli ultimi anni con grande entusiasmo.<br \/>\nTerzo significato di questa giornata \u00e8 la conclusione del Festival della Comunicazione realizzato dal 4 al 24 maggio grazie anche alla collaborazione delle Paoline e dei Paolini, alla sua 15^ edizione. Appuntamenti in diretta streaming, in cui sono stati affrontati tanti argomenti con diversi linguaggi e per diversi destinatari, anche esterni all\u2019ambito strettamente ecclesiale, perch\u00e8 il messaggio del Papa fosse calato nella realt\u00e0 della nostra vita e del nostro modo di comunicare. Dovremo far tesoro degli spunti offerti (che possono essere ripresi e rivisti sul canale youtube della diocesi e sulla sezione dedicata del sito diocesano, ndr).<br \/>\nRingrazio quindi la Commissione che ha lavorato per oltre un anno a questo appuntamento, dedicando tempo, energie, competenze, interazioni&#8230; e che ha saputo riadattare il tutto a causa della pandemia, manifestando responsabilit\u00e0 e creativit\u00e0, come anche il Papa ha chiesto nelle settimane scorse. Siamo ancor pi\u00f9 convinti, quindi, che l\u2019ambito della comunicazione dovr\u00e0 trovare un spazio organico nella pastorale, oltre l\u2019emergenza, non riducendosi a un fatto tecnico, ma dandogli sempre pi\u00f9 il valore di evangelizzazione che gli spetta. Con questi sentimenti viviamo la giornata, ringraziando il Buon Dio dei doni che ci fa.<\/p>\n<p>+Domenico Cornacchia, Vescovo<\/p>\n<p>&nbsp;<\/p>\n","protected":false},"excerpt":{"rendered":"<p>La 54^ Giornata Mondiale delle Comunicazioni sociali, che celebriamo nella domenica dell\u2019Ascensione, si riveste quest\u2019anno di molteplici significati: giornata delle comunicazioni, giornata di Luce e Vita, conclusione del Festival della Comunicazione.<\/p>\n","protected":false},"author":3,"featured_media":7606,"comment_status":"closed","ping_status":"closed","sticky":false,"template":"","format":"standard","meta":{"footnotes":""},"categories":[459,13,1099,4,11],"tags":[140,1101,1102],"class_list":["post-7605","post","type-post","status-publish","format-standard","has-post-thumbnail","hentry","category-attualita","category-editoriali","category-festival-della-comunicazione","category-news","category-ufficio-per-le-comunicazioni-sociali","tag-editoriale","tag-festival-della-comunicazione","tag-luce-vita"],"acf":[],"_links":{"self":[{"href":"https:\/\/www.diocesimolfetta.it\/luceevita\/wp-json\/wp\/v2\/posts\/7605","targetHints":{"allow":["GET"]}}],"collection":[{"href":"https:\/\/www.diocesimolfetta.it\/luceevita\/wp-json\/wp\/v2\/posts"}],"about":[{"href":"https:\/\/www.diocesimolfetta.it\/luceevita\/wp-json\/wp\/v2\/types\/post"}],"author":[{"embeddable":true,"href":"https:\/\/www.diocesimolfetta.it\/luceevita\/wp-json\/wp\/v2\/users\/3"}],"replies":[{"embeddable":true,"href":"https:\/\/www.diocesimolfetta.it\/luceevita\/wp-json\/wp\/v2\/comments?post=7605"}],"version-history":[{"count":3,"href":"https:\/\/www.diocesimolfetta.it\/luceevita\/wp-json\/wp\/v2\/posts\/7605\/revisions"}],"predecessor-version":[{"id":7612,"href":"https:\/\/www.diocesimolfetta.it\/luceevita\/wp-json\/wp\/v2\/posts\/7605\/revisions\/7612"}],"wp:featuredmedia":[{"embeddable":true,"href":"https:\/\/www.diocesimolfetta.it\/luceevita\/wp-json\/wp\/v2\/media\/7606"}],"wp:attachment":[{"href":"https:\/\/www.diocesimolfetta.it\/luceevita\/wp-json\/wp\/v2\/media?parent=7605"}],"wp:term":[{"taxonomy":"category","embeddable":true,"href":"https:\/\/www.diocesimolfetta.it\/luceevita\/wp-json\/wp\/v2\/categories?post=7605"},{"taxonomy":"post_tag","embeddable":true,"href":"https:\/\/www.diocesimolfetta.it\/luceevita\/wp-json\/wp\/v2\/tags?post=7605"}],"curies":[{"name":"wp","href":"https:\/\/api.w.org\/{rel}","templated":true}]}}