{"id":7732,"date":"2020-06-26T15:52:03","date_gmt":"2020-06-26T13:52:03","guid":{"rendered":"http:\/\/www.diocesimolfetta.it\/luceevita\/?p=7732"},"modified":"2020-06-26T15:52:03","modified_gmt":"2020-06-26T13:52:03","slug":"io-non-respiro-societa-stato-e-cittadino-ai-tempi-del-covid-19-ix-festival-per-la-legalita-a-terlizzi","status":"publish","type":"post","link":"https:\/\/www.diocesimolfetta.it\/luceevita\/io-non-respiro-societa-stato-e-cittadino-ai-tempi-del-covid-19-ix-festival-per-la-legalita-a-terlizzi\/","title":{"rendered":"Io non respiro. Societ\u00e0, Stato e Cittadino ai tempi del Covid-19.  IX Festival per la Legalit\u00e0 a Terlizzi"},"content":{"rendered":"<p><a href=\"http:\/\/www.diocesimolfetta.it\/luceevita\/wp-content\/uploads\/sites\/2\/2020\/06\/festival_terlizzi.png\"><img loading=\"lazy\" decoding=\"async\" class=\"aligncenter size-large wp-image-7733\" src=\"https:\/\/www.diocesimolfetta.it\/luceevita\/wp-content\/uploads\/sites\/2\/2020\/06\/festival_terlizzi-1024x576.png\" alt=\"\" width=\"800\" height=\"450\" srcset=\"https:\/\/www.diocesimolfetta.it\/luceevita\/wp-content\/uploads\/sites\/2\/2020\/06\/festival_terlizzi-1024x576.png 1024w, https:\/\/www.diocesimolfetta.it\/luceevita\/wp-content\/uploads\/sites\/2\/2020\/06\/festival_terlizzi-300x169.png 300w, https:\/\/www.diocesimolfetta.it\/luceevita\/wp-content\/uploads\/sites\/2\/2020\/06\/festival_terlizzi-768x432.png 768w, https:\/\/www.diocesimolfetta.it\/luceevita\/wp-content\/uploads\/sites\/2\/2020\/06\/festival_terlizzi-360x203.png 360w, https:\/\/www.diocesimolfetta.it\/luceevita\/wp-content\/uploads\/sites\/2\/2020\/06\/festival_terlizzi-1536x864.png 1536w, https:\/\/www.diocesimolfetta.it\/luceevita\/wp-content\/uploads\/sites\/2\/2020\/06\/festival_terlizzi-2048x1152.png 2048w, https:\/\/www.diocesimolfetta.it\/luceevita\/wp-content\/uploads\/sites\/2\/2020\/06\/festival_terlizzi-800x450.png 800w, https:\/\/www.diocesimolfetta.it\/luceevita\/wp-content\/uploads\/sites\/2\/2020\/06\/festival_terlizzi-1200x675.png 1200w, https:\/\/www.diocesimolfetta.it\/luceevita\/wp-content\/uploads\/sites\/2\/2020\/06\/festival_terlizzi-1320x743.png 1320w\" sizes=\"auto, (max-width: 800px) 100vw, 800px\" \/><\/a><\/p>\n<p>Comunicato stampa:<\/p>\n<p>Tre appuntamenti intensi e notevolmente interessanti caratterizzeranno l\u2019inedita IX edizione del Festival per la Legalita\u0300, &#8220;Io non respiro. Societa\u0300, Stato e Cittadini ai tempi del Covid-19&#8221;, per il suo svolgimento prettamente virtuale attraverso la diretta Facebook sulla pagina \u201cFestival per la Legalita\u0300\u201d e il correlato live stream sul canale YouTube.<\/p>\n<p>La kermesse e\u0300 stata organizzata dall\u2019omonima associazione \u201cFestival per la Legalit\u00e0\u201d di Terlizzi (Bari), in partnership con Libera e Unpli (Unione Nazionale Pro Loco d\u2019Italia).<\/p>\n<p>Al primo appuntamento di sabato 4 luglio prenderanno parte tre superospiti di eccezione che si focalizzeranno sul noto \u201ccaso Cucchi\u201d, ovvero Ilaria Cucchi, Fabio Anselmo e Daniela Marcone. A raccontarci l\u2019intricata vicenda umana e processuale sara\u0300 Ilaria Cucchi, sorella di Stefano, giovane morto a soli 31 anni, il 22 ottobre 2009, mentre il giovane era sottoposto a custodia cautelare. Ilaria, sin dal decesso del compianto fratello, si e\u0300 fatta promotrice di una vera e propria campagna indagatrice alla ricerca di un\u2019atroce verita\u0300. Una donna determinata a far luce sulle zone d\u2019ombra della giustizia che sara\u0300 affiancata durante l\u2019incontro web da Fabio Anselmo, legale della famiglia Cucchi. Ad apportare il suo contributo ci sara\u0300 anche Daniela Marcone, vicepresidente di Libera.<\/p>\n<p>Giovedi\u0300 9 luglio e\u0300 la volta di Giovanni Moro e Rocco D\u2019Ambrosio che affronteranno il tema della cittadinanza attiva quale volano di inclusione sociale. Giovanni Moro e\u0300 sociologo e politico che presentera\u0300 il suo ultimo libro \u201cCittadinanza\u201d (ed. Mondadori Universita\u0300) il quale analizza il fenomeno della cittadinanza democratica partendo da tre fondamentali componenti: l\u2019appartenenza come status e identita\u0300; la correlazione fra diritti e doveri; infine, la partecipazione. Nella sua dissertazione sara\u0300 affiancato da Rocco D\u2019Ambrosio, presbitero, politologo presso l\u2019Universita\u0300 Gregoriana, nonche\u0301 giornalista impegnato nella formazione dell\u2019impegno sociale e politico.<\/p>\n<p>Da ultimo, lunedi\u0300 13 luglio, interverra\u0300 Paolo Borrometi, giornalista e scrittore di origini siciliane, che vive sotto scorta, poiche\u0301 nel corso degli anni ha subito numerose minacce da parte di esponenti mafiosi per via della sua instancabile attivita\u0300 d&#8217;inchiesta. E\u0300 vicedirettore dell&#8217;Agenzia Giornalistica Italiana (AGI), oltre a ricoprire l&#8217;incarico di consigliere della Federazione Nazionale della Stampa. E\u0300, inoltre, presidente di Articolo 21.<\/p>\n<p>Il nostro Festival \u00e8 anche un&#8217;opportunit\u00e0 di formazione. Pertanto per chi volesse ricevere gratuitamente l&#8217;attestato di partecipazione pu\u00f2 compilare il form al seguente link: <a href=\"https:\/\/docs.google.com\/forms\/d\/1gxcJCj-mIAlmw6L_SXfqTdrORsnRvU-t8o1JtCLYz8Y\/edit?fbclid=IwAR0NIkRcZ-1yXHcbKcClIQ9ja6OK-tJJ0vAtarAco7cYPZnGlT90g8aUSmA\">https:\/\/docs.google.com\/forms\/d\/1gxcJCj-mIAlmw6L_SXfqTdrORsnRvU-t8o1JtCLYz8Y\/edit<\/a><\/p>\n<p>La conferenza stampa, tenutasi Sabato 20 giugno, puo\u0300 essere riascoltata al link <a href=\"https:\/\/www.facebook.com\/FestivalPerLaLegalita\/videos\/355041682146593\/\">https:\/\/www.facebook.com\/FestivalPerLaLegalita\/videos\/355041682146593\/<\/a> .<\/p>\n<p>E&#8217; possibile visitare il sito <a href=\"https:\/\/l.facebook.com\/l.php?u=https%3A%2F%2Fwww.festivalperlalegalita.it%2F%3Ffbclid%3DIwAR0p40x56xTpbFApSCCDOxLsgGizZfP1aRRF6VJV87nIMtwufwL5j9AvsJQ&amp;h=AT1qU-xg3dWAXIAD6Ogtotxm9wSqVoSSPR5ImuQn3gwiEWdVvGp5ck6nr3G_-o1-cyzbKgfyBmPUNE0BxSYY9oRBfhSKrI9clQVgdrEiPhp_LyFGJ15msdoVokwu5QjWOw\">https:\/\/www.festivalperlalegalita.it\/<\/a> per le info sull\u2019associazione e sulle precedenti edizioni del Festival.<\/p>\n<p>&nbsp;<\/p>\n","protected":false},"excerpt":{"rendered":"<p>Tre appuntamenti intensi e notevolmente interessanti caratterizzeranno l\u2019inedita IX edizione del Festival per la Legalita\u0300, &#8220;Io non respiro. Societa\u0300, Stato e Cittadini ai tempi del Covid-19&#8221;, per il suo svolgimento prettamente virtuale attraverso la diretta Facebook sulla pagina \u201cFestival per la Legalita\u0300\u201d e il correlato live stream sul canale YouTube.<\/p>\n","protected":false},"author":3,"featured_media":7733,"comment_status":"closed","ping_status":"closed","sticky":false,"template":"","format":"standard","meta":{"footnotes":""},"categories":[459,34,4,100],"tags":[113],"class_list":["post-7732","post","type-post","status-publish","format-standard","has-post-thumbnail","hentry","category-attualita","category-citta","category-news","category-terlizzi","tag-festival-legalita-terlizzi"],"acf":[],"_links":{"self":[{"href":"https:\/\/www.diocesimolfetta.it\/luceevita\/wp-json\/wp\/v2\/posts\/7732","targetHints":{"allow":["GET"]}}],"collection":[{"href":"https:\/\/www.diocesimolfetta.it\/luceevita\/wp-json\/wp\/v2\/posts"}],"about":[{"href":"https:\/\/www.diocesimolfetta.it\/luceevita\/wp-json\/wp\/v2\/types\/post"}],"author":[{"embeddable":true,"href":"https:\/\/www.diocesimolfetta.it\/luceevita\/wp-json\/wp\/v2\/users\/3"}],"replies":[{"embeddable":true,"href":"https:\/\/www.diocesimolfetta.it\/luceevita\/wp-json\/wp\/v2\/comments?post=7732"}],"version-history":[{"count":1,"href":"https:\/\/www.diocesimolfetta.it\/luceevita\/wp-json\/wp\/v2\/posts\/7732\/revisions"}],"predecessor-version":[{"id":7734,"href":"https:\/\/www.diocesimolfetta.it\/luceevita\/wp-json\/wp\/v2\/posts\/7732\/revisions\/7734"}],"wp:featuredmedia":[{"embeddable":true,"href":"https:\/\/www.diocesimolfetta.it\/luceevita\/wp-json\/wp\/v2\/media\/7733"}],"wp:attachment":[{"href":"https:\/\/www.diocesimolfetta.it\/luceevita\/wp-json\/wp\/v2\/media?parent=7732"}],"wp:term":[{"taxonomy":"category","embeddable":true,"href":"https:\/\/www.diocesimolfetta.it\/luceevita\/wp-json\/wp\/v2\/categories?post=7732"},{"taxonomy":"post_tag","embeddable":true,"href":"https:\/\/www.diocesimolfetta.it\/luceevita\/wp-json\/wp\/v2\/tags?post=7732"}],"curies":[{"name":"wp","href":"https:\/\/api.w.org\/{rel}","templated":true}]}}