{"id":7861,"date":"2020-07-14T14:49:04","date_gmt":"2020-07-14T12:49:04","guid":{"rendered":"http:\/\/www.diocesimolfetta.it\/luceevita\/?p=7861"},"modified":"2020-07-17T16:54:50","modified_gmt":"2020-07-17T14:54:50","slug":"il-fuoco-di-culincenere-la-condizione-della-donna-col-linguaggio-teatrale","status":"publish","type":"post","link":"https:\/\/www.diocesimolfetta.it\/luceevita\/il-fuoco-di-culincenere-la-condizione-della-donna-col-linguaggio-teatrale\/","title":{"rendered":"Il fuoco di Culincenere. La condizione della donna col linguaggio teatrale (rinviato a marted\u00ec)"},"content":{"rendered":"<p><a href=\"http:\/\/www.diocesimolfetta.it\/luceevita\/wp-content\/uploads\/sites\/2\/2020\/07\/culincenere.jpg\"><img loading=\"lazy\" decoding=\"async\" class=\"aligncenter size-large wp-image-7862\" src=\"https:\/\/www.diocesimolfetta.it\/luceevita\/wp-content\/uploads\/sites\/2\/2020\/07\/culincenere-1024x722.jpg\" alt=\"\" width=\"800\" height=\"564\" srcset=\"https:\/\/www.diocesimolfetta.it\/luceevita\/wp-content\/uploads\/sites\/2\/2020\/07\/culincenere-1024x722.jpg 1024w, https:\/\/www.diocesimolfetta.it\/luceevita\/wp-content\/uploads\/sites\/2\/2020\/07\/culincenere-300x212.jpg 300w, https:\/\/www.diocesimolfetta.it\/luceevita\/wp-content\/uploads\/sites\/2\/2020\/07\/culincenere-768x541.jpg 768w, https:\/\/www.diocesimolfetta.it\/luceevita\/wp-content\/uploads\/sites\/2\/2020\/07\/culincenere-360x254.jpg 360w, https:\/\/www.diocesimolfetta.it\/luceevita\/wp-content\/uploads\/sites\/2\/2020\/07\/culincenere-1536x1083.jpg 1536w, https:\/\/www.diocesimolfetta.it\/luceevita\/wp-content\/uploads\/sites\/2\/2020\/07\/culincenere-800x564.jpg 800w, https:\/\/www.diocesimolfetta.it\/luceevita\/wp-content\/uploads\/sites\/2\/2020\/07\/culincenere-1200x846.jpg 1200w, https:\/\/www.diocesimolfetta.it\/luceevita\/wp-content\/uploads\/sites\/2\/2020\/07\/culincenere-1320x931.jpg 1320w, https:\/\/www.diocesimolfetta.it\/luceevita\/wp-content\/uploads\/sites\/2\/2020\/07\/culincenere.jpg 1600w\" sizes=\"auto, (max-width: 800px) 100vw, 800px\" \/><\/a><\/p>\n<p>Per rischio meteorologico l&#8217;evento previsto per venerd\u00ec 17 luglio \u00e8 rinviato a marted\u00ec 21 (da confermare)<\/p>\n<p>\u201cL\u2019altra sorellastra, la pi\u00f9 triviale, la chiamava Culincenere\u201d (Perroult) e noi abbiamo scelto di raccontare l\u2019aspetto pi\u00f9 triviale della fiaba di Cenerentola, immaginandocela badante, donna delle pulizie, insomma tuttofare ai tempi del precariato. La nostra Cenerentola, o meglio Culincenere, racconta della dura vita di chi \u00e8 costretto a fare lavori alienanti, ma non per questo rinuncia al sogno: la nostra Culincenere non \u00e8 alla ricerca del principe azzurro ma della liberazione dalle oppressioni di un mondo del lavoro che sfrutta\u201d.<br \/>\nLa quarta serata di \u201cE state in periferia\u201d, promossa dall&#8217;AC della parrocchia S. Michele Arcangelo e dal Coordinamento cittadino, marted\u00ec 21 Luglio ore 20,00, sul sagrato della parrocchia S. Michele Arcangelo, in Ruvo, sollecita a riflettere sul tema della condizione della donna col linguaggio del teatro. La messa in scena de<strong> <em>Il Fuoco di Culincenere<\/em><\/strong>, spettacolo a cura del collettivo autonomo <em>Sangue Dirapa, <\/em>composto da Daniele Diomede, Elisa Manzari e Angela Faniello, proporr\u00e0 una rilettura della favola di Cenerentola ovvero Culincenere, la badante che deve occuparsi del marito disabile della matrigna, che come nella fiaba originaria, insieme alle sorellastre, maltratta la ragazza. Culincenere stanca, maltrattata e sottopagata scappa alla ricerca di un lavoro migliore\u2026incontra cos\u00ec il Principe Azzurro, che nella nostra fiaba non \u00e8 il proprietario di un castello, ma\u2026<\/p>\n<p>Lo spettacolo ci far\u00e0 riflettere, attraverso il riso, sulle vicissitudini di Culincenere, una Cenerentola contemporanea alla ricerca della libert\u00e0.<\/p>\n<p>La partecipazione \u00e8 libera e saranno rispettate le norme di sicurezza previste.<\/p>\n<p>Il coordinamento cittadino di AC<\/p>\n<p>&nbsp;<\/p>\n","protected":false},"excerpt":{"rendered":"<p>La messa in scena de Il Fuoco di Culincenere, spettacolo a cura del collettivo autonomo Sangue Dirapa, proporr\u00e0 una rilettura della favola di Cenerentola, per riflettere, attraverso il riso, sulle vicissitudini di una Cenerentola contemporanea alla ricerca della libert\u00e0.<\/p>\n","protected":false},"author":3,"featured_media":7862,"comment_status":"closed","ping_status":"closed","sticky":false,"template":"","format":"standard","meta":{"footnotes":""},"categories":[459,117,34,1138,4,98],"tags":[118,1153,1151,1150,1154,1152],"class_list":["post-7861","post","type-post","status-publish","format-standard","has-post-thumbnail","hentry","category-attualita","category-azione-cattolica-diocesana","category-citta","category-estate-2020","category-news","category-ruvo-di-puglia","tag-azione-cattolica","tag-coordinamento-cittadino-ac","tag-culincenere","tag-estate-2020","tag-estate-in-periferia","tag-sanguedirapa"],"acf":[],"_links":{"self":[{"href":"https:\/\/www.diocesimolfetta.it\/luceevita\/wp-json\/wp\/v2\/posts\/7861","targetHints":{"allow":["GET"]}}],"collection":[{"href":"https:\/\/www.diocesimolfetta.it\/luceevita\/wp-json\/wp\/v2\/posts"}],"about":[{"href":"https:\/\/www.diocesimolfetta.it\/luceevita\/wp-json\/wp\/v2\/types\/post"}],"author":[{"embeddable":true,"href":"https:\/\/www.diocesimolfetta.it\/luceevita\/wp-json\/wp\/v2\/users\/3"}],"replies":[{"embeddable":true,"href":"https:\/\/www.diocesimolfetta.it\/luceevita\/wp-json\/wp\/v2\/comments?post=7861"}],"version-history":[{"count":3,"href":"https:\/\/www.diocesimolfetta.it\/luceevita\/wp-json\/wp\/v2\/posts\/7861\/revisions"}],"predecessor-version":[{"id":7885,"href":"https:\/\/www.diocesimolfetta.it\/luceevita\/wp-json\/wp\/v2\/posts\/7861\/revisions\/7885"}],"wp:featuredmedia":[{"embeddable":true,"href":"https:\/\/www.diocesimolfetta.it\/luceevita\/wp-json\/wp\/v2\/media\/7862"}],"wp:attachment":[{"href":"https:\/\/www.diocesimolfetta.it\/luceevita\/wp-json\/wp\/v2\/media?parent=7861"}],"wp:term":[{"taxonomy":"category","embeddable":true,"href":"https:\/\/www.diocesimolfetta.it\/luceevita\/wp-json\/wp\/v2\/categories?post=7861"},{"taxonomy":"post_tag","embeddable":true,"href":"https:\/\/www.diocesimolfetta.it\/luceevita\/wp-json\/wp\/v2\/tags?post=7861"}],"curies":[{"name":"wp","href":"https:\/\/api.w.org\/{rel}","templated":true}]}}