{"id":7923,"date":"2020-07-31T10:00:57","date_gmt":"2020-07-31T08:00:57","guid":{"rendered":"http:\/\/www.diocesimolfetta.it\/luceevita\/?p=7923"},"modified":"2020-07-30T16:33:30","modified_gmt":"2020-07-30T14:33:30","slug":"lunica-risposta-alla-fame-di-senso-domenica-2-agosto-2020","status":"publish","type":"post","link":"https:\/\/www.diocesimolfetta.it\/luceevita\/lunica-risposta-alla-fame-di-senso-domenica-2-agosto-2020\/","title":{"rendered":"L&#8217;unica risposta alla fame di senso. Domenica 2 agosto 2020"},"content":{"rendered":"<p><a href=\"https:\/\/www.chiesacattolica.it\/liturgia-del-giorno\/?data-liturgia=20200802\" target=\"_blank\" rel=\"noopener noreferrer\">Liturgia della Parola<\/a><\/p>\n<p>Mt 14,13-21<\/p>\n<div id=\"attachment_7924\" style=\"width: 423px\" class=\"wp-caption alignright\"><a href=\"http:\/\/www.diocesimolfetta.it\/luceevita\/wp-content\/uploads\/sites\/2\/2020\/07\/pane-e-pesci.jpg\"><img loading=\"lazy\" decoding=\"async\" aria-describedby=\"caption-attachment-7924\" class=\" wp-image-7924\" src=\"https:\/\/www.diocesimolfetta.it\/luceevita\/wp-content\/uploads\/sites\/2\/2020\/07\/pane-e-pesci.jpg\" alt=\"\" width=\"413\" height=\"490\" srcset=\"https:\/\/www.diocesimolfetta.it\/luceevita\/wp-content\/uploads\/sites\/2\/2020\/07\/pane-e-pesci.jpg 673w, https:\/\/www.diocesimolfetta.it\/luceevita\/wp-content\/uploads\/sites\/2\/2020\/07\/pane-e-pesci-253x300.jpg 253w, https:\/\/www.diocesimolfetta.it\/luceevita\/wp-content\/uploads\/sites\/2\/2020\/07\/pane-e-pesci-236x280.jpg 236w, https:\/\/www.diocesimolfetta.it\/luceevita\/wp-content\/uploads\/sites\/2\/2020\/07\/pane-e-pesci-647x768.jpg 647w\" sizes=\"auto, (max-width: 413px) 100vw, 413px\" \/><\/a><p id=\"caption-attachment-7924\" class=\"wp-caption-text\">Confortini P. (1609), Dipinto della moltiplicazione dei pani e dei pesci<\/p><\/div>\n<p><em>In quel tempo, avendo udito della morte di Giovanni Battista,<sup>13<\/sup>Ges\u00f9 part\u00ec di l\u00e0 su una barca e si ritir\u00f2 in un luogo deserto, in disparte. Ma le folle, avendolo saputo, lo seguirono a piedi dalle citt\u00e0.\u00a0<sup>14<\/sup>Sceso dalla barca, egli vide una grande folla, sent\u00ec compassione per loro e guar\u00ec i loro malati.<\/em><br \/>\n<em><sup>15<\/sup>Sul far della sera, gli si avvicinarono i discepoli e gli dissero: \u00abIl luogo \u00e8 deserto ed \u00e8 ormai tardi; congeda la folla perch\u00e9 vada nei villaggi a comprarsi da mangiare\u00bb.\u00a0<sup>16<\/sup>Ma Ges\u00f9 disse loro: \u00abNon occorre che vadano; voi stessi date loro da mangiare\u00bb.\u00a0<sup>17<\/sup>Gli risposero: \u00abQui non abbiamo altro che cinque pani e due pesci!\u00bb.\u00a0<sup>18<\/sup>Ed egli disse: \u00abPortatemeli qui\u00bb.\u00a0<sup>19<\/sup>E, dopo aver ordinato alla folla di sedersi sull&#8217;erba, prese i cinque pani e i due pesci, alz\u00f2 gli occhi al cielo, recit\u00f2 la benedizione, spezz\u00f2 i pani e li diede ai discepoli, e i discepoli alla folla.\u00a0<sup>20<\/sup>Tutti mangiarono a saziet\u00e0, e portarono via i pezzi avanzati: dodici ceste piene.\u00a0<sup>21<\/sup>Quelli che avevano mangiato erano circa cinquemila uomini, senza contare le donne e i bambini.<\/em><\/p>\n<p>Da ponente sta scendendo il crepuscolo sul Giordano, la luce temperata gi\u00e0 si stende sulla grande pianura dove inizia ad assembrarsi una grande folla. Ges\u00f9, scosso per la notizia della morte di suo cugino Giovanni, ha dovuto ritirarsi in solitudine su una barca a largo. Tra loro non c\u2019era semplicemente un vincolo di sangue: Giovanni era il precursore della nuova alleanza.<\/p>\n<p>In molti hanno fatto un lungo cammino solo per ascoltarlo: hanno fame della sua Parola. E Lui ha compassione per loro. Nonostante siano provati e stanchi, vogliono rimanere con il Maestro: sanno che c\u2019\u00e8 qualcuno che pu\u00f2 rispondere agli interrogativi profondi del loro cuore.<\/p>\n<p>Gli apostoli, preoccupati, fanno notare a Ges\u00f9 che la sera \u00e8 alle porte, il luogo \u00e8 deserto, lontano da case e paesi, ombroso e umido. A breve non sar\u00e0 pi\u00f9 possibile vedersi, n\u00e9 camminare. In buona fede, gli chiedono di licenziare tutte quelle persone affinch\u00e9 vadano nei villaggi circostanti a comprarsi cibo e cercare alloggio. Che dunque ognuno pensi a se stesso.<\/p>\n<p>No, per Ges\u00f9 non \u00e8 cos\u00ec; e li spiazza: non occorre che se ne vadano. Anzi, investe gli apostoli di una nuova responsabilit\u00e0: \u201cDate voi loro da mangiare\u201d. Provveder\u00e0 Lui al cibo, ma saranno loro a distribuirlo, ad amministrarlo. E come se Ges\u00f9 volesse fare le prove generali per il loro futuro ministero. Il poco si moltiplica a tal punto non solo da sfamare le turbe, ma da fare avanzare molto cibo.<\/p>\n<p>Questo cibo non \u00e8 banalmente quello materiale: esso rimanda sempre a quello spirituale; la Parola che diventa pane. E non \u00e8 un caso che la prima tentazione di Cristo \u00e8 quella del diavolo che nel deserto lo invita a convertire le pietre in pane. Quando, nei <em>Fratelli Karamazov<\/em> di Dostoevskij, Ivan Karamazov commenta e fa la sintesi delle tentazioni Cristo e parla del pane, il grande Inquisitore risponde: \u201cVedi Tu queste pietre in questo nudo e infuocato deserto? Mutale in pani e l\u2019umanit\u00e0 correr\u00e0 dietro di Te come un riconoscente e docile gregge, l\u2019eterna paura di vederti ritirare la Tua mano e di rimanere senza i tuoi pani\u201d. Il discorso materiale non basta se non \u00e8 supportato dalla Parola che salva.<\/p>\n<p>S\u00ec, solo Lui \u00e8 in grado di saziare la fame di senso dell\u2019uomo, di colmare il vuoto interiore che lo spinge a peregrinare da una parte all\u2019altra. Hanno trovato ci\u00f2 di cui hanno bisogno: non \u00e8 necessario che vadano altrove, che girino per altri posti. Chi \u00e8 vicino a Cristo ha gi\u00e0 tutto, non deve pi\u00f9 preoccuparsi di nulla.<\/p>\n<p>&nbsp;<\/p>\n","protected":false},"excerpt":{"rendered":"<p>Provveder\u00e0 Lui al cibo, ma saranno loro a distribuirlo, ad amministrarlo. E come se Ges\u00f9 volesse fare le prove generali per il loro futuro ministero. Il poco si moltiplica a tal punto non solo da sfamare le turbe, ma da fare avanzare molto cibo.<\/p>\n","protected":false},"author":3,"featured_media":7924,"comment_status":"closed","ping_status":"closed","sticky":false,"template":"","format":"standard","meta":{"footnotes":""},"categories":[380,4,448],"tags":[476,1177],"class_list":["post-7923","post","type-post","status-publish","format-standard","has-post-thumbnail","hentry","category-esperienze-pastorali","category-news","category-spiritualita","tag-liturgia","tag-spiritualita-parola-di-dio"],"acf":[],"_links":{"self":[{"href":"https:\/\/www.diocesimolfetta.it\/luceevita\/wp-json\/wp\/v2\/posts\/7923","targetHints":{"allow":["GET"]}}],"collection":[{"href":"https:\/\/www.diocesimolfetta.it\/luceevita\/wp-json\/wp\/v2\/posts"}],"about":[{"href":"https:\/\/www.diocesimolfetta.it\/luceevita\/wp-json\/wp\/v2\/types\/post"}],"author":[{"embeddable":true,"href":"https:\/\/www.diocesimolfetta.it\/luceevita\/wp-json\/wp\/v2\/users\/3"}],"replies":[{"embeddable":true,"href":"https:\/\/www.diocesimolfetta.it\/luceevita\/wp-json\/wp\/v2\/comments?post=7923"}],"version-history":[{"count":1,"href":"https:\/\/www.diocesimolfetta.it\/luceevita\/wp-json\/wp\/v2\/posts\/7923\/revisions"}],"predecessor-version":[{"id":7925,"href":"https:\/\/www.diocesimolfetta.it\/luceevita\/wp-json\/wp\/v2\/posts\/7923\/revisions\/7925"}],"wp:featuredmedia":[{"embeddable":true,"href":"https:\/\/www.diocesimolfetta.it\/luceevita\/wp-json\/wp\/v2\/media\/7924"}],"wp:attachment":[{"href":"https:\/\/www.diocesimolfetta.it\/luceevita\/wp-json\/wp\/v2\/media?parent=7923"}],"wp:term":[{"taxonomy":"category","embeddable":true,"href":"https:\/\/www.diocesimolfetta.it\/luceevita\/wp-json\/wp\/v2\/categories?post=7923"},{"taxonomy":"post_tag","embeddable":true,"href":"https:\/\/www.diocesimolfetta.it\/luceevita\/wp-json\/wp\/v2\/tags?post=7923"}],"curies":[{"name":"wp","href":"https:\/\/api.w.org\/{rel}","templated":true}]}}