{"id":7947,"date":"2020-08-06T08:25:36","date_gmt":"2020-08-06T06:25:36","guid":{"rendered":"http:\/\/www.diocesimolfetta.it\/luceevita\/?p=7947"},"modified":"2020-08-06T08:27:54","modified_gmt":"2020-08-06T06:27:54","slug":"custodi-del-presente-coltivatori-del-futuro-2","status":"publish","type":"post","link":"https:\/\/www.diocesimolfetta.it\/luceevita\/custodi-del-presente-coltivatori-del-futuro-2\/","title":{"rendered":"Custodi del presente, coltivatori del futuro #2"},"content":{"rendered":"<p><em>Ancora una storia di maturit\u00e0. Maria Chiara ci racconta i dubbi e le preoccupazioni di questo ultimo anno scolastico imprevisto e il supporto degli insegnanti, le fatiche da maturanda e la gratitudine finale. <\/em><\/p>\n<p><a href=\"http:\/\/www.diocesimolfetta.it\/luceevita\/wp-content\/uploads\/sites\/2\/2020\/08\/foto-rubrica-scuola-2.jpg\"><img loading=\"lazy\" decoding=\"async\" class=\"aligncenter size-full wp-image-7948\" src=\"https:\/\/www.diocesimolfetta.it\/luceevita\/wp-content\/uploads\/sites\/2\/2020\/08\/foto-rubrica-scuola-2.jpg\" alt=\"\" width=\"856\" height=\"854\" srcset=\"https:\/\/www.diocesimolfetta.it\/luceevita\/wp-content\/uploads\/sites\/2\/2020\/08\/foto-rubrica-scuola-2.jpg 856w, https:\/\/www.diocesimolfetta.it\/luceevita\/wp-content\/uploads\/sites\/2\/2020\/08\/foto-rubrica-scuola-2-300x300.jpg 300w, https:\/\/www.diocesimolfetta.it\/luceevita\/wp-content\/uploads\/sites\/2\/2020\/08\/foto-rubrica-scuola-2-150x150.jpg 150w, https:\/\/www.diocesimolfetta.it\/luceevita\/wp-content\/uploads\/sites\/2\/2020\/08\/foto-rubrica-scuola-2-768x766.jpg 768w, https:\/\/www.diocesimolfetta.it\/luceevita\/wp-content\/uploads\/sites\/2\/2020\/08\/foto-rubrica-scuola-2-200x200.jpg 200w, https:\/\/www.diocesimolfetta.it\/luceevita\/wp-content\/uploads\/sites\/2\/2020\/08\/foto-rubrica-scuola-2-281x280.jpg 281w, https:\/\/www.diocesimolfetta.it\/luceevita\/wp-content\/uploads\/sites\/2\/2020\/08\/foto-rubrica-scuola-2-770x768.jpg 770w, https:\/\/www.diocesimolfetta.it\/luceevita\/wp-content\/uploads\/sites\/2\/2020\/08\/foto-rubrica-scuola-2-800x798.jpg 800w\" sizes=\"auto, (max-width: 856px) 100vw, 856px\" \/><\/a>Sono <strong>Maria Chiara Aiello<\/strong>, ho 18 anni (fra pochi giorni 19) e ho frequentato l\u2019istituto superiore professionale \u201cMons. Antonio Bello\u201d, una scuola che mi ha permesso di crescere non solo scolasticamente ma anche umanamente.<\/p>\n<p>Nell\u2019anno del Coronavirus sono state prese numerose decisioni nei vari ambiti della nostra vita quotidiana, alcune sono state misure drastiche. Anche nella scuola. I professori si affrettavano a calmare gli animi di tutti gli studenti, soprattutto di chi, come me, quest\u2019anno affrontava la tanto temuta Maturit\u00e0.<\/p>\n<p>Quando \u00e8 iniziata la didattica a distanza, <strong>molti sono stati i dubbi e le preoccupazioni<\/strong> che mi assalivano ma mi sono rimboccata le maniche e man mano che i giorni trascorrevano, tutti i miei timori passavano, soprattutto grazie ai miei professori che non hanno fatto mai mancare la loro presenza in questo periodo molto delicato. Pi\u00f9 i giorni alla maturit\u00e0 si avvicinavano, pi\u00f9 la paura cresceva, in quanto era poco chiaro come si sarebbe svolto l\u2019esame.<\/p>\n<p>Dopo poco \u00e8 arrivata l\u2019ufficialit\u00e0, la sola prova orale! Non \u00e8 stato il quinto anno che immaginavo: senza il pranzo dei 100 giorni, senza\u00a0 il viaggio all\u2019estero, senza sentire l\u2019ultima campanella suonare, quella che mette i brividi, l\u2019ansia di non sapere cosa scrivere alle prove scritte.<br \/>\nQuando sono entrata\u00a0 a scuola il giorno della mia maturit\u00e0, il 22 giugno, avevo il cuore a mille e le gambe che tremavano, stavo saltando <span style=\"font-size: inherit;\">per davvero il trampolino di lancio tra la vita adolescenziale e la vita adulta. Ho sostenuto il mio esame nella mia classe, quella che mi ha visto crescere, piangere, gioire. \u00c8 stato strano non trovare i miei amici con le loro risate, le loro urla, ma solo un silenzio assodante. In quel momento <\/span><strong style=\"font-size: inherit;\">avrei voluto avere tante persone, ma attraverso mille messaggi mi sono stati accanto in molti<\/strong><span style=\"font-size: inherit;\"> e in quel momento erano tutti l\u00ec con me.<\/span><\/p>\n<p>Una volta concluso il mio esame <strong>avrei voluto abbracciare ad uno ad uno i miei professori<\/strong>, ma non \u00e8 stato possibile e <strong>mi sono limitata a uno sguardo semplice<\/strong><strong> carico di sincerit\u00e0, soddisfazione e gratitudine<\/strong>. Appena uscita ho chiamato la\u00a0 mia mamma, che quel giorno era pi\u00f9 in ansia di me e che questi anni \u00e8 stata al mio fianco, silenziosamente, supportandomi. Ho preso il massimo dei voti, ma al di la del voto in questi mesi difficili si riconosce chi \u00e8 stato veramente maturo senza alibi o distrazioni.<\/p>\n<p><strong>Da ora inizia la vita vera e, anche se il futuro mi fa paura<\/strong> perch\u00e9 non so cosa potrebbe riservarmi, <strong>so quanto valgo e qualsiasi cosa accada la affronter\u00f2 con determinazione e coraggio<\/strong>.<\/p>\n<p>Un ringraziamento speciale va alla comunit\u00e0 dell\u2019istituto \u201cMons. Antonio Bello\u201d, che \u00e8 stato il mio posto felice e sicuro per 5 lunghi anni.<\/p>\n<p><strong>Maria Chiara Aiello<\/strong><\/p>\n","protected":false},"excerpt":{"rendered":"<p>Ancora una storia di maturit\u00e0. Maria Chiara ci racconta i dubbi e le preoccupazioni di questo ultimo anno scolastico imprevisto e il supporto degli insegnanti, le fatiche da maturanda e la gratitudine finale.<\/p>\n","protected":false},"author":3,"featured_media":7948,"comment_status":"closed","ping_status":"closed","sticky":false,"template":"","format":"standard","meta":{"footnotes":""},"categories":[459,1138,21,4],"tags":[376,25,1187,152],"class_list":["post-7947","post","type-post","status-publish","format-standard","has-post-thumbnail","hentry","category-attualita","category-estate-2020","category-levgio","category-news","tag-giovani","tag-luce-e-vita","tag-maturatilaureati-2020","tag-scuola"],"acf":[],"_links":{"self":[{"href":"https:\/\/www.diocesimolfetta.it\/luceevita\/wp-json\/wp\/v2\/posts\/7947","targetHints":{"allow":["GET"]}}],"collection":[{"href":"https:\/\/www.diocesimolfetta.it\/luceevita\/wp-json\/wp\/v2\/posts"}],"about":[{"href":"https:\/\/www.diocesimolfetta.it\/luceevita\/wp-json\/wp\/v2\/types\/post"}],"author":[{"embeddable":true,"href":"https:\/\/www.diocesimolfetta.it\/luceevita\/wp-json\/wp\/v2\/users\/3"}],"replies":[{"embeddable":true,"href":"https:\/\/www.diocesimolfetta.it\/luceevita\/wp-json\/wp\/v2\/comments?post=7947"}],"version-history":[{"count":2,"href":"https:\/\/www.diocesimolfetta.it\/luceevita\/wp-json\/wp\/v2\/posts\/7947\/revisions"}],"predecessor-version":[{"id":7950,"href":"https:\/\/www.diocesimolfetta.it\/luceevita\/wp-json\/wp\/v2\/posts\/7947\/revisions\/7950"}],"wp:featuredmedia":[{"embeddable":true,"href":"https:\/\/www.diocesimolfetta.it\/luceevita\/wp-json\/wp\/v2\/media\/7948"}],"wp:attachment":[{"href":"https:\/\/www.diocesimolfetta.it\/luceevita\/wp-json\/wp\/v2\/media?parent=7947"}],"wp:term":[{"taxonomy":"category","embeddable":true,"href":"https:\/\/www.diocesimolfetta.it\/luceevita\/wp-json\/wp\/v2\/categories?post=7947"},{"taxonomy":"post_tag","embeddable":true,"href":"https:\/\/www.diocesimolfetta.it\/luceevita\/wp-json\/wp\/v2\/tags?post=7947"}],"curies":[{"name":"wp","href":"https:\/\/api.w.org\/{rel}","templated":true}]}}