{"id":7965,"date":"2020-08-13T08:00:19","date_gmt":"2020-08-13T06:00:19","guid":{"rendered":"http:\/\/www.diocesimolfetta.it\/luceevita\/?p=7965"},"modified":"2021-05-11T16:00:05","modified_gmt":"2021-05-11T14:00:05","slug":"giovinazzo-la-generosita-che-non-si-arresta","status":"publish","type":"post","link":"https:\/\/www.diocesimolfetta.it\/luceevita\/giovinazzo-la-generosita-che-non-si-arresta\/","title":{"rendered":"Giovinazzo: la generosit\u00e0 che non si arresta"},"content":{"rendered":"<p><a href=\"http:\/\/www.diocesimolfetta.it\/luceevita\/wp-content\/uploads\/sites\/2\/2020\/08\/caritas_giovinazzo.jpg\"><img loading=\"lazy\" decoding=\"async\" class=\"aligncenter size-full wp-image-7966\" src=\"https:\/\/www.diocesimolfetta.it\/luceevita\/wp-content\/uploads\/sites\/2\/2020\/08\/caritas_giovinazzo.jpg\" alt=\"\" width=\"1024\" height=\"576\" srcset=\"https:\/\/www.diocesimolfetta.it\/luceevita\/wp-content\/uploads\/sites\/2\/2020\/08\/caritas_giovinazzo.jpg 1024w, https:\/\/www.diocesimolfetta.it\/luceevita\/wp-content\/uploads\/sites\/2\/2020\/08\/caritas_giovinazzo-300x169.jpg 300w, https:\/\/www.diocesimolfetta.it\/luceevita\/wp-content\/uploads\/sites\/2\/2020\/08\/caritas_giovinazzo-768x432.jpg 768w, https:\/\/www.diocesimolfetta.it\/luceevita\/wp-content\/uploads\/sites\/2\/2020\/08\/caritas_giovinazzo-360x203.jpg 360w, https:\/\/www.diocesimolfetta.it\/luceevita\/wp-content\/uploads\/sites\/2\/2020\/08\/caritas_giovinazzo-800x450.jpg 800w\" sizes=\"auto, (max-width: 1024px) 100vw, 1024px\" \/><\/a>\u201cAnche a Giovinazzo il Covid ha portato nuove povert\u00e0: operatori dell\u2019edilizia e dell\u2019agricoltura, della ristorazione e tanti lavoratori a nero. Emergenza che continua perch\u00e9 ridotto il personale di pizzerie e ristoranti che stanno riprendendo, ma in maniera contingendata. Anche in agricoltura il problema persiste, per il periodo di poco lavoro, prima della vendemmia\u201d. Parole chiare quelle di Leo Gadaleta che con Chiara Stricuglio coordinano da gennaio scorso la Caritas cittadina di Giovinazzo, subentrati a Rosa Serrone, per tanti anni responsabile locale. Ci sono ancora famiglie che hanno bisogno di supporto e, pur essendo ferragosto, non possiamo voltarci dall\u2019altra parte.<br \/>\n\u201cAbbiamo fatto 39 nuovi ascolti, nel periodo Covid, rispetto ai 10 che normalmente in un anno si aggiungono, tenendo conto che ammontano a circa 800 le famiglie registrate presso il centro di ascolto cittadino, allocato di fianco alla Concattedrale\u201d puntualizza Leo.<br \/>\nParticolare la situazione dei giostrai che sono rimasti bloccati a Giovinazzo, durante il lockdown, dove erano parcheggiati in attesa della stagione delle feste che va da aprile ad ottobre. Nove famiglie per circa 40 persone, che si erano rivolte addirittura a Caritas Italiana che a sua volta aveva allertato la Caritas diocesana e cittadina. Alimenti, buoni spesa, contributi economici e ricerca di lavoro per qualcuna delle loro donne. Persone di grande dignit\u00e0, con un significativo senso di pudore nel chiedere, forse poco solidali tra loro stessi, ma generosi, ad esempio donando alcuni indumenti al guardaroba Caritas.<br \/>\n\u201cSiamo intervenuti tante volte, anche da parte del Comune che ha attivato la rete <em>Giovinazzo solidale<\/em> e ha concentrato in un unico luogo la raccolta di alimenti\u201d. La Caritas faceva le segnalazioni e il Comune, tramite i gruppi del SER, consegnava a domicilio. Anche le parrocchie hanno continuato a distribuire pacchi alimentari, su appuntamento o a domicilio. Molto prezioso il lavoro fatto per aiutare le famiglie a compilare le domande di sussidio da presentare in Comune, agevolando operazioni informatiche altrimenti difficile da fare per certe famiglie. \u201cCi siamo fatti tramite tra famiglie e Comune, abbiamo fatto parte del COC mettendo a disposizione le nostre conoscenze dirette sul territorio per impostare adeguatamente le iniziative di sostegno del Comune alle tante richieste\u201d.<br \/>\nI fondi impegnati dalla Caritas ammontano a circa 11000 euro che, a partire da maggio, sono stati utilizzati per gli affitti (mediamente 400-500 euro mensili), le utenze, contributi economici e buoni spesa. A parte 3500 euro ricevuti subito (2500 da Caritas diocesana, fondi 8xMille, e 1000 e da una Fondazione), il resto dei soldi sono frutto della generosit\u00e0 dei Giovinazzesi, generosit\u00e0 che anche in questo periodo agostano non dovrebbe cessare, permanendo importanti situazioni di bisogno.<br \/>\n\u201cQualcuno siamo andati noi a cercarlo perch\u00e9 il forte disagio nell\u2019 \u2018andare alla Caritas\u2019 non permetteva di ricevere quanto necessario per il sostentamento della famiglia; dopo quella che doveva essere l\u2019unica volta \u2013 poi restituisco subito, aveva detto Giovanni (nome di fantasia), tanto era il disagio &#8211; purtroppo, tante altre sono succedute, fino a che, in questi giorni, ha ripreso pian piano a lavorare\u201d.<br \/>\nMolti casi di persone che si erano rivolte al Comune e da questo indirizzate alla Caritas che, per tutto il lockdown ha tenuto in piena attivit\u00e0 Leo e Chiara, con il telefono in continua comunicazione. \u201cPurtroppo ho dato il mio numero di cellulare \u2013 dice sorridendo Leo \u2013 credendo che sarebbe stata una cosa temporanea, invece \u00e8 diventato telefono di pubblica utilit\u00e0 che ancora adesso \u00e8 riferimento per chi avesse necessit\u00e0 (3663114355). Per fortuna \u2013 dice lui \u2013 che anche io sono stato fermo per il lavoro per cui ho potuto dedicarmi agli ascolti. Un periodo molto, molto intenso, aggravato dalla chiusura dei centri di ascolto da parte delle parrocchie, limitatesi alla distribuzione di alimenti. Adesso abbiamo fermato il centro di ascolto cittadino e sollecitato le parrocchie a riaprire i rispettivi centri interfacciandosi con noi per le esigenze economiche\u201d.<br \/>\nAccanto a questa attivit\u00e0 assistenziale non si \u00e8 fermata quella aggregativa della Caritas cittadina con l\u2019animazione estiva dei minori seguiti dalle operatrici, dopo l\u2019interazione avuta nel periodo scolastico per il quale sono state fornite schede telefoniche e tablet per consentire la didattica a distanza.<br \/>\nCirca il servizio guardaroba, per ora sospeso, riprender\u00e0 a settembre in maniera congiunta con le Suore di San Giuseppe.<br \/>\nL\u2019emergenza \u00e8 superata, ma i problemi cronici restano: affitti e utenze arretrate. Anche a Giovinazzo \u00e8 stato difficile trovare proprietari di case che abbiano condonato qualche mensilit\u00e0 di affitto; \u201cl\u2019appello che sento di fare \u2013 conclude Leo \u2013 \u00e8 quello di invitare i proprietari di case a calmierare gli affitti che sono esagerati e insostenibili in questo periodo e, se possibile, abbuonare qualche mensilit\u00e0. Sarebbe una alta prova di carit\u00e0\u201d.<\/p>\n<p>Luigi Sparapano<\/p>\n","protected":false},"excerpt":{"rendered":"<p>I fondi impegnati dalla Caritas di Giovinazzo ammontano a circa 11000 euro che, a partire da maggio, sono stati utilizzati per gli affitti (mediamente 400-500 euro mensili), le utenze, contributi economici e buoni spesa. Anche in questo periodo agostano la generosit\u00e0 non dovrebbe cessare, permanendo importanti situazioni di bisogno.<\/p>\n","protected":false},"author":3,"featured_media":7966,"comment_status":"closed","ping_status":"closed","sticky":false,"template":"","format":"standard","meta":{"footnotes":""},"categories":[459,14,34,1041,13,380,99,4],"tags":[1174,1059,94,25],"class_list":["post-7965","post","type-post","status-publish","format-standard","has-post-thumbnail","hentry","category-attualita","category-caritas-diocesana","category-citta","category-coronavirus","category-editoriali","category-esperienze-pastorali","category-giovinazzo","category-news","tag-caritas-cittadina","tag-covid","tag-giovinazzo","tag-luce-e-vita"],"acf":[],"_links":{"self":[{"href":"https:\/\/www.diocesimolfetta.it\/luceevita\/wp-json\/wp\/v2\/posts\/7965","targetHints":{"allow":["GET"]}}],"collection":[{"href":"https:\/\/www.diocesimolfetta.it\/luceevita\/wp-json\/wp\/v2\/posts"}],"about":[{"href":"https:\/\/www.diocesimolfetta.it\/luceevita\/wp-json\/wp\/v2\/types\/post"}],"author":[{"embeddable":true,"href":"https:\/\/www.diocesimolfetta.it\/luceevita\/wp-json\/wp\/v2\/users\/3"}],"replies":[{"embeddable":true,"href":"https:\/\/www.diocesimolfetta.it\/luceevita\/wp-json\/wp\/v2\/comments?post=7965"}],"version-history":[{"count":3,"href":"https:\/\/www.diocesimolfetta.it\/luceevita\/wp-json\/wp\/v2\/posts\/7965\/revisions"}],"predecessor-version":[{"id":10330,"href":"https:\/\/www.diocesimolfetta.it\/luceevita\/wp-json\/wp\/v2\/posts\/7965\/revisions\/10330"}],"wp:featuredmedia":[{"embeddable":true,"href":"https:\/\/www.diocesimolfetta.it\/luceevita\/wp-json\/wp\/v2\/media\/7966"}],"wp:attachment":[{"href":"https:\/\/www.diocesimolfetta.it\/luceevita\/wp-json\/wp\/v2\/media?parent=7965"}],"wp:term":[{"taxonomy":"category","embeddable":true,"href":"https:\/\/www.diocesimolfetta.it\/luceevita\/wp-json\/wp\/v2\/categories?post=7965"},{"taxonomy":"post_tag","embeddable":true,"href":"https:\/\/www.diocesimolfetta.it\/luceevita\/wp-json\/wp\/v2\/tags?post=7965"}],"curies":[{"name":"wp","href":"https:\/\/api.w.org\/{rel}","templated":true}]}}