{"id":7978,"date":"2020-08-12T12:46:23","date_gmt":"2020-08-12T10:46:23","guid":{"rendered":"http:\/\/www.diocesimolfetta.it\/luceevita\/?p=7978"},"modified":"2020-08-12T12:46:23","modified_gmt":"2020-08-12T10:46:23","slug":"stelle-cadenti-e-desideri-una-notte-con-qualcosa-di-speciale","status":"publish","type":"post","link":"https:\/\/www.diocesimolfetta.it\/luceevita\/stelle-cadenti-e-desideri-una-notte-con-qualcosa-di-speciale\/","title":{"rendered":"Stelle cadenti e desideri: una notte con qualcosa di speciale"},"content":{"rendered":"<p><a href=\"http:\/\/www.diocesimolfetta.it\/luceevita\/wp-content\/uploads\/sites\/2\/2020\/08\/se-una-notte.jpg\"><img loading=\"lazy\" decoding=\"async\" class=\"wp-image-7979 alignright\" src=\"https:\/\/www.diocesimolfetta.it\/luceevita\/wp-content\/uploads\/sites\/2\/2020\/08\/se-una-notte.jpg\" alt=\"\" width=\"434\" height=\"618\" srcset=\"https:\/\/www.diocesimolfetta.it\/luceevita\/wp-content\/uploads\/sites\/2\/2020\/08\/se-una-notte.jpg 720w, https:\/\/www.diocesimolfetta.it\/luceevita\/wp-content\/uploads\/sites\/2\/2020\/08\/se-una-notte-211x300.jpg 211w, https:\/\/www.diocesimolfetta.it\/luceevita\/wp-content\/uploads\/sites\/2\/2020\/08\/se-una-notte-197x280.jpg 197w, https:\/\/www.diocesimolfetta.it\/luceevita\/wp-content\/uploads\/sites\/2\/2020\/08\/se-una-notte-539x768.jpg 539w\" sizes=\"auto, (max-width: 434px) 100vw, 434px\" \/><\/a>C\u2019\u00e8 una notte, una volta all\u2019anno, in cui a ognuno \u00e8 concesso esprimere i propri desideri e affidarli alle stelle. Si crea cos\u00ec un\u2019atmosfera magica, di serenit\u00e0 e, soprattutto, freschezza, ristoro per la calura della giornata. Si tratta della notte di San Lorenzo, momento in cui \u00e8 pi\u00f9 facile scorgere le stelle cadenti, grazie alla tersezza del cielo. Per questa occasione, dunque, lo scorso 10 agosto, anche la parrocchia San Giacomo Apostolo di Ruvo ha voluto organizzare una serata per poter ammirare tale fenomeno.<\/p>\n<p>Quest\u2019anno, infatti, grazie al successo della prima edizione, i giovani della parrocchia hanno organizzato nuovamente l\u2019evento \u201cSe una notte d\u2019estate un mito\u201d, in collaborazione con l\u2019associazione culturale \u201cIn folio\u201d.<\/p>\n<p>Molto sentita \u00e8 stata la partecipazione da parte del pubblico, accorso anche dai dintorni di Ruvo e accolto all\u2019interno del campo da calcio della chiesa. Per rendere il tutto pi\u00f9 suggestivo, l\u2019ingresso \u00e8 stato decorato con delle poesie, appese a dei fili montati per l\u2019occasione. Ognuno, con il proprio telo mare, ha contemplato il cielo e le stelle stando sdraiato e avvolto dal buio accogliente della notte.<\/p>\n<p>Musica e poesia non sono mancate, anzi, sono state fondamentali per accompagnare il tutto e, soprattutto, per riflettere e meditare. In un primo momento, \u00e8 stato narrato il mito di \u201cPerseo e Andromeda\u201d e, a seguire, hanno recitato i propri componimenti i poeti (e non solo) dell\u2019associazione \u201cIn folio\u201d. Le poesie erano intervallate da alcuni brani musicali molto profondi. Si sono susseguite, infatti, canzoni di Brunori Sas, De Gregori, Mia Martini, ecc\u2026 che hanno incorniciato il tutto, creando non pochi momenti di forte emozione, grazie anche alla voce del giovane Luca Mele.<\/p>\n<p>Tra i componimenti, inoltre, non \u00e8 mancata la lettura del \u201cCanto notturno di un pastore errante dell\u2019Asia\u201d di Giacomo Leopardi. Si tratta di una delle poesie pi\u00f9 belle che il poeta di Recanati abbia scritto. Risulta, inoltre, molto ricca di domande sul senso della vita. Pertanto, tali versi ben si confacevano all\u2019atmosfera che, del resto, si era creata tra tutti coloro che si trovavano distesi a mirare il cielo.<\/p>\n<p><a href=\"http:\/\/www.diocesimolfetta.it\/luceevita\/wp-content\/uploads\/sites\/2\/2020\/08\/campo.jpg\"><img loading=\"lazy\" decoding=\"async\" class=\"aligncenter size-full wp-image-7980\" src=\"https:\/\/www.diocesimolfetta.it\/luceevita\/wp-content\/uploads\/sites\/2\/2020\/08\/campo.jpg\" alt=\"\" width=\"960\" height=\"720\" srcset=\"https:\/\/www.diocesimolfetta.it\/luceevita\/wp-content\/uploads\/sites\/2\/2020\/08\/campo.jpg 960w, https:\/\/www.diocesimolfetta.it\/luceevita\/wp-content\/uploads\/sites\/2\/2020\/08\/campo-300x225.jpg 300w, https:\/\/www.diocesimolfetta.it\/luceevita\/wp-content\/uploads\/sites\/2\/2020\/08\/campo-768x576.jpg 768w, https:\/\/www.diocesimolfetta.it\/luceevita\/wp-content\/uploads\/sites\/2\/2020\/08\/campo-360x270.jpg 360w, https:\/\/www.diocesimolfetta.it\/luceevita\/wp-content\/uploads\/sites\/2\/2020\/08\/campo-800x600.jpg 800w\" sizes=\"auto, (max-width: 960px) 100vw, 960px\" \/><\/a><\/p>\n<p>Molto forti anche le parole del parroco don Gianni che ha espresso la sua meditazione sulle stelle, considerate da lui \u201cnote della canzone armoniosa di Dio, sentinelle eterne\u201d.<\/p>\n<p>Dunque, \u00e8 stata una serata all\u2019insegna di un viaggio interiore, alla ricerca della dimensione poetica della propria anima per aiutarla a non zoppicare, bens\u00ec ad orientarsi grazie a dei segnali stradali molto particolari, gli astri e le stelle.<\/p>\n<p><em>Elisabetta Di Terlizzi <\/em><\/p>\n","protected":false},"excerpt":{"rendered":"<p>Quest\u2019anno, grazie al successo della prima edizione, i giovani della parrocchia hanno organizzato nuovamente l\u2019evento \u201cSe una notte d\u2019estate un mito\u201d, in collaborazione con l\u2019associazione culturale \u201cIn folio\u201d.<\/p>\n","protected":false},"author":3,"featured_media":7979,"comment_status":"closed","ping_status":"closed","sticky":false,"template":"","format":"standard","meta":{"footnotes":""},"categories":[459,34,1041,380,1138,23,4,98],"tags":[],"class_list":["post-7978","post","type-post","status-publish","format-standard","has-post-thumbnail","hentry","category-attualita","category-citta","category-coronavirus","category-esperienze-pastorali","category-estate-2020","category-levarte","category-news","category-ruvo-di-puglia"],"acf":[],"_links":{"self":[{"href":"https:\/\/www.diocesimolfetta.it\/luceevita\/wp-json\/wp\/v2\/posts\/7978","targetHints":{"allow":["GET"]}}],"collection":[{"href":"https:\/\/www.diocesimolfetta.it\/luceevita\/wp-json\/wp\/v2\/posts"}],"about":[{"href":"https:\/\/www.diocesimolfetta.it\/luceevita\/wp-json\/wp\/v2\/types\/post"}],"author":[{"embeddable":true,"href":"https:\/\/www.diocesimolfetta.it\/luceevita\/wp-json\/wp\/v2\/users\/3"}],"replies":[{"embeddable":true,"href":"https:\/\/www.diocesimolfetta.it\/luceevita\/wp-json\/wp\/v2\/comments?post=7978"}],"version-history":[{"count":1,"href":"https:\/\/www.diocesimolfetta.it\/luceevita\/wp-json\/wp\/v2\/posts\/7978\/revisions"}],"predecessor-version":[{"id":7981,"href":"https:\/\/www.diocesimolfetta.it\/luceevita\/wp-json\/wp\/v2\/posts\/7978\/revisions\/7981"}],"wp:featuredmedia":[{"embeddable":true,"href":"https:\/\/www.diocesimolfetta.it\/luceevita\/wp-json\/wp\/v2\/media\/7979"}],"wp:attachment":[{"href":"https:\/\/www.diocesimolfetta.it\/luceevita\/wp-json\/wp\/v2\/media?parent=7978"}],"wp:term":[{"taxonomy":"category","embeddable":true,"href":"https:\/\/www.diocesimolfetta.it\/luceevita\/wp-json\/wp\/v2\/categories?post=7978"},{"taxonomy":"post_tag","embeddable":true,"href":"https:\/\/www.diocesimolfetta.it\/luceevita\/wp-json\/wp\/v2\/tags?post=7978"}],"curies":[{"name":"wp","href":"https:\/\/api.w.org\/{rel}","templated":true}]}}