{"id":8178,"date":"2020-10-08T12:00:54","date_gmt":"2020-10-08T10:00:54","guid":{"rendered":"http:\/\/www.diocesimolfetta.it\/luceevita\/?p=8178"},"modified":"2020-10-07T18:12:00","modified_gmt":"2020-10-07T16:12:00","slug":"luomo-e-un-essere-eco-logico","status":"publish","type":"post","link":"https:\/\/www.diocesimolfetta.it\/luceevita\/luomo-e-un-essere-eco-logico\/","title":{"rendered":"L&#8217;uomo \u00e8 un essere eco-logico"},"content":{"rendered":"<p align=\"JUSTIFY\"><strong><img loading=\"lazy\" decoding=\"async\" class=\"size-medium wp-image-8179 alignleft\" src=\"https:\/\/www.diocesimolfetta.it\/luceevita\/wp-content\/uploads\/sites\/2\/2020\/10\/uomo-ecologico-3-300x300.jpg\" alt=\"\" width=\"300\" height=\"300\" srcset=\"https:\/\/www.diocesimolfetta.it\/luceevita\/wp-content\/uploads\/sites\/2\/2020\/10\/uomo-ecologico-3-300x300.jpg 300w, https:\/\/www.diocesimolfetta.it\/luceevita\/wp-content\/uploads\/sites\/2\/2020\/10\/uomo-ecologico-3-150x150.jpg 150w, https:\/\/www.diocesimolfetta.it\/luceevita\/wp-content\/uploads\/sites\/2\/2020\/10\/uomo-ecologico-3-200x200.jpg 200w, https:\/\/www.diocesimolfetta.it\/luceevita\/wp-content\/uploads\/sites\/2\/2020\/10\/uomo-ecologico-3-280x280.jpg 280w, https:\/\/www.diocesimolfetta.it\/luceevita\/wp-content\/uploads\/sites\/2\/2020\/10\/uomo-ecologico-3.jpg 626w\" sizes=\"auto, (max-width: 300px) 100vw, 300px\" \/><\/strong><\/p>\n<p align=\"JUSTIFY\"><strong>Papa Francesco ha firmato sabato 3 ottobre alle 15 ad Assisi la sua terza enciclica \u201cFratelli tutti\u201d<\/strong>, quasi a meglio esplicitare le due precedenti, questa volta sul tema della fratellanza e della prossimit\u00e0 (dimensione a cui ha dato gran peso sin dagli esordi del suo pontificato).<\/p>\n<p align=\"JUSTIFY\"><strong>Per un cristiano, la prossimit\u00e0 dovrebbe essere davvero pane quotidiano<\/strong>, la cifra distintiva del relazionarsi. Riconoscere l&#8217;altro come prossimo significa <strong>rimettere al centro l&#8217;essere umano<\/strong>, con i suoi bisogni e sogni, con le sue fragilit\u00e0 e potenzialit\u00e0, soprattutto con i suoi limiti e le sue risorse.<\/p>\n<p align=\"JUSTIFY\">La pandemia ce lo ha detto chiaramente: <strong>siamo interconnessi, ci salviamo insieme<\/strong>.\u00a0Non che non lo sapessimo o che mai nessuno l&#8217;avesse sostenuto, ma l&#8217;irruenza del Coronavirus, la sua rapida e simultanea presenza nelle varie aree del pianeta lo hanno ben messo in evidenza.<\/p>\n<p align=\"JUSTIFY\">Rocco D&#8217;ambrosio, nell&#8217;incontro conclusivo della Scuola di Democrazia della nostra diocesi, lo scorso 25 settembre ha specificato che <strong>\u00e8 necessario passare dalla questione ambientale a una questione culturale<\/strong>. E la cultura non \u00e8 mai staccata da realt\u00e0 e quotidianit\u00e0. La cultura interviene nelle scelte alimentari, nel modo di fare la spesa, spostarsi, viaggiare, lavorare, di stare al mondo ed essere uomini a tutto tondo.<\/p>\n<p align=\"JUSTIFY\"><strong><i>Tutto \u00e8 in relazione<\/i><\/strong> \u00e8 la sintesi perfetta della Laudato si&#8217; di papa Francesco, che parla di ecologia in ottica umana, sociale. <strong>L&#8217;uomo sta al centro, non al vertice. Da lui partono relazioni che si allargano ma si tengono insieme, che includono i processi di sviluppo<\/strong>. Se <strong>l&#8217;uomo<\/strong> \u00e8 un essere pensante, naturalmente indotto alla socialit\u00e0, <strong>sar\u00e0<\/strong> anche <strong>inevitabilmente eco-logico, in grado cio\u00e8 di pensare e pensarsi in relazione indissolubile all&#8217;ambiente che abita<\/strong>.<\/p>\n<p align=\"JUSTIFY\">Pi\u00f9 volte si \u00e8 provato ad accendere fari sull&#8217;importanza di un nuovo modo di vivere, per ricordare all&#8217;uomo che a dominare sulla Terra non \u00e8 il suo egoistico volere ma il ciclo naturale delle cose, di cui \u00e8 parte integrante.<\/p>\n<p align=\"JUSTIFY\"><strong>La cura per il Creato ci interpella tutti, ci riguarda, ci tocca<\/strong>: in quanto creature, ne siamo parte attiva. L&#8217;ambiente non \u00e8 qualcosa a cui destinare attenzioni nel tempo libero, \u00e8 ci\u00f2 che ci permette di esistere. Dovrebbe essere il nostro primo interlocutore, lo specchio in cui ritrovare la parte migliore di noi stessi, il pensiero dominante per ogni nostra azione. Perch\u00e9 <strong>l&#8217;uomo \u00e8 inserito in un sistema relazionale, che ne sia consapevole o no<\/strong>.<\/p>\n<p align=\"JUSTIFY\">Il 2019 \u00e8 stato un anno di forte presa di coscienza mondiale sugli effetti del cambiamento climatico, per l&#8217;intraprendenza (pi\u00f9 o meno condivisa dall&#8217;opinione pubblica) dell&#8217;adolescente Greta Thunberg. Cos\u00ec proprio i pi\u00f9 giovani si sono direttamente coinvolti nella difesa dello stato di salute del pianeta, del suo \u2013 e nostro \u2013 presente e futuro.<\/p>\n<p align=\"JUSTIFY\">Luca Mercalli \u2013 metereologo, climatologo e divulgatore scientifico \u2013 nel libro \u201cNon c&#8217;\u00e8 pi\u00f9 tempo\u201d lancia non un appello allarmistico, ma un invito immediato e convinto a cambiare ritmi&#8230; di vita, di produzione, di consumo, di circolazione.\u00a0Non c&#8217;\u00e8 pi\u00f9 tempo da perdere; se non possiamo attuare processi reversibili, possiamo almeno ridurre, contenere, limitare. Dobbiamo aver chiaro che <strong>ogni abuso del pianeta \u00e8 violenza a ciascuno di noi<\/strong>. Ogni singolo atto produce effetti sulla collettivit\u00e0.<\/p>\n<p align=\"JUSTIFY\">La vita \u00e8 relazione. <strong>Vivere secondo un approccio ecologico integrale significa scegliere l&#8217;unica strada possibile a garantire la dignit\u00e0 umana<\/strong>, a livello personale e globale. Perch\u00e9 l&#8217;altro sono io, siamo noi.<\/p>\n<p align=\"JUSTIFY\"><b>Susanna M. de Candia<\/b><\/p>\n","protected":false},"excerpt":{"rendered":"<p>L&#8217;uomo \u00e8 un essere eco-logico, capace cio\u00e8 di pensarsi in relazione. La pi\u00f9 importante \u00e8 quella con l&#8217;ambiente in cui vive, in quanto parte attiva. Rispettare il creato significa riconoscere la dignit\u00e0 umana. <\/p>\n","protected":false},"author":8,"featured_media":8179,"comment_status":"closed","ping_status":"closed","sticky":false,"template":"","format":"standard","meta":{"footnotes":""},"categories":[4,36],"tags":[719,1252,382,217],"class_list":["post-8178","post","type-post","status-publish","format-standard","has-post-thumbnail","hentry","category-news","category-news-luce-e-vita","tag-ambiente","tag-creato","tag-diocesi-molfetta-ruvo-giovinazzo-terlizzi","tag-papa-francesco"],"acf":[],"_links":{"self":[{"href":"https:\/\/www.diocesimolfetta.it\/luceevita\/wp-json\/wp\/v2\/posts\/8178","targetHints":{"allow":["GET"]}}],"collection":[{"href":"https:\/\/www.diocesimolfetta.it\/luceevita\/wp-json\/wp\/v2\/posts"}],"about":[{"href":"https:\/\/www.diocesimolfetta.it\/luceevita\/wp-json\/wp\/v2\/types\/post"}],"author":[{"embeddable":true,"href":"https:\/\/www.diocesimolfetta.it\/luceevita\/wp-json\/wp\/v2\/users\/8"}],"replies":[{"embeddable":true,"href":"https:\/\/www.diocesimolfetta.it\/luceevita\/wp-json\/wp\/v2\/comments?post=8178"}],"version-history":[{"count":3,"href":"https:\/\/www.diocesimolfetta.it\/luceevita\/wp-json\/wp\/v2\/posts\/8178\/revisions"}],"predecessor-version":[{"id":8189,"href":"https:\/\/www.diocesimolfetta.it\/luceevita\/wp-json\/wp\/v2\/posts\/8178\/revisions\/8189"}],"wp:featuredmedia":[{"embeddable":true,"href":"https:\/\/www.diocesimolfetta.it\/luceevita\/wp-json\/wp\/v2\/media\/8179"}],"wp:attachment":[{"href":"https:\/\/www.diocesimolfetta.it\/luceevita\/wp-json\/wp\/v2\/media?parent=8178"}],"wp:term":[{"taxonomy":"category","embeddable":true,"href":"https:\/\/www.diocesimolfetta.it\/luceevita\/wp-json\/wp\/v2\/categories?post=8178"},{"taxonomy":"post_tag","embeddable":true,"href":"https:\/\/www.diocesimolfetta.it\/luceevita\/wp-json\/wp\/v2\/tags?post=8178"}],"curies":[{"name":"wp","href":"https:\/\/api.w.org\/{rel}","templated":true}]}}