{"id":8322,"date":"2020-10-22T09:42:10","date_gmt":"2020-10-22T07:42:10","guid":{"rendered":"http:\/\/www.diocesimolfetta.it\/luceevita\/?p=8322"},"modified":"2020-10-22T09:42:10","modified_gmt":"2020-10-22T07:42:10","slug":"giovanni-paolo-ii-e-limportanza-di-una-conversione-ecologica","status":"publish","type":"post","link":"https:\/\/www.diocesimolfetta.it\/luceevita\/giovanni-paolo-ii-e-limportanza-di-una-conversione-ecologica\/","title":{"rendered":"Giovanni Paolo II e l&#8217;importanza di una conversione ecologica"},"content":{"rendered":"<p><img loading=\"lazy\" decoding=\"async\" class=\"size-full wp-image-8324 aligncenter\" src=\"https:\/\/www.diocesimolfetta.it\/luceevita\/wp-content\/uploads\/sites\/2\/2020\/10\/papa-wojtyla.jpg\" alt=\"\" width=\"640\" height=\"418\" srcset=\"https:\/\/www.diocesimolfetta.it\/luceevita\/wp-content\/uploads\/sites\/2\/2020\/10\/papa-wojtyla.jpg 640w, https:\/\/www.diocesimolfetta.it\/luceevita\/wp-content\/uploads\/sites\/2\/2020\/10\/papa-wojtyla-300x196.jpg 300w, https:\/\/www.diocesimolfetta.it\/luceevita\/wp-content\/uploads\/sites\/2\/2020\/10\/papa-wojtyla-360x235.jpg 360w\" sizes=\"auto, (max-width: 640px) 100vw, 640px\" \/><\/p>\n<p align=\"JUSTIFY\"><span style=\"font-family: Times New Roman, serif;\"><span style=\"font-size: medium;\">Se papa Francesco pu\u00f2 esser definito l&#8217;uomo della conversione ecologica, parte delle attenzioni pastorali a questa dimensione si deve a <strong>Giovanni Paolo II, uno dei promotori della relazione simbiotica tra uomo e natura<\/strong>. <\/span><\/span><\/p>\n<p align=\"JUSTIFY\"><span style=\"font-family: Times New Roman, serif;\"><span style=\"font-size: medium;\">Forse ha viaggiato tanto, proprio per godere della maggior parte della bellezza della Terra, dopo aver conosciuto le brutture della\u00a0<\/span><\/span><span style=\"font-family: Times New Roman, serif;\"><span style=\"font-size: medium;\">guerra o forse per andare alla ricerca di Dio in ogni dove.\u00a0<\/span><\/span><span style=\"font-family: Times New Roman, serif;\"><span style=\"font-size: medium;\"><strong>Nei panorami davanti ai quali si resta incantati risiede la grazia del Signore<\/strong>, che per noi compie sempre meraviglie, anche se non ne siamo coscienti fino in fondo.<br \/>\n<\/span><\/span><span style=\"font-family: Times New Roman, serif;\"><span style=\"font-size: medium;\">Dal silenzio della natura scaturisce la preghiera quale forma di ammirazione e si insinua cos\u00ec nel cuore umano il desiderio di infinito, che solleva la mente al sublime. Ne era certo Giovanni Paolo II, quando con suggestione poetica parlava in un viaggio del 1987 in Val Visende.\u00a0<\/span><\/span><i> <\/i><\/p>\n<p align=\"JUSTIFY\"><span style=\"font-family: Times New Roman, serif;\"><span style=\"font-size: medium;\">Anche lui <strong>era consapevole della necessit\u00e0 di una <i>razionale e onesta pianificazione, <\/i>come scrisse nella sua prima enciclica \u201cRedemptor hominis\u201d<\/strong>, in contrasto con uno sfruttamento indiscriminato del pianeta, tanto che <i>tale sfruttamento per scopi non soltanto industriali, ma anche militari, lo sviluppo della tecnica non controllato n\u00e9 inquadrato in un piano a raggio universale ed autenticamente umanistico, portano spesso con s\u00e9 la minaccia all&#8217;ambiente naturale dell&#8217;uomo. <\/i><\/span><\/span><\/p>\n<p align=\"JUSTIFY\"><span style=\"font-family: Times New Roman, serif;\"><span style=\"font-size: medium;\">G<strong>iovanni Paolo II sapeva comunicare le sue inquietudini<\/strong>, prima fra tutte quella sull&#8217;avanzamento del sapere e dell&#8217;azione dell&#8217;uomo: <strong><span style=\"color: #000000;\"><i>questo progresso, il cui autore e fautore \u00e8 l&#8217;uomo, rende la vita umana sulla terra, in ogni suo aspetto, \u00abpi\u00f9 umana\u00bb?<\/i><\/span><\/strong> E di qui, gli altri interrogativi: <i>c<\/i><span style=\"color: #000000;\"><i>rescono davvero negli uomini, fra gli uomini, l&#8217;amore sociale, il rispetto dei diritti altrui &#8211; per ogni uomo, nazione, popolo &#8211; o, al contrario, crescono gli egoismi di varie dimensioni, i nazionalismi esagerati, al posto dell&#8217;autentico amore di patria, ed anche la tendenza a dominare gli altri al di l\u00e0 dei propri legittimi diritti e meriti, e la tendenza a sfruttare tutto il progresso materiale e tecnico-produttivo esclusivamente allo scopo di dominare sugli altri o in favore di tale o talaltro imperialismo?<\/i><\/span><\/span><\/span><\/p>\n<p align=\"JUSTIFY\"><span style=\"color: #000000;\"><span style=\"font-family: Times New Roman, serif;\"><span style=\"font-size: medium;\"><strong>Domande essenziali, che soprattutto i cristiani devono porsi, perch\u00e9 consapevoli del dono che Dio ha fatto<\/strong> ad ogni uomo e dunque chiamati ad essere custodi della bellezza e della ricchezza ricevute. Non sar\u00e0 stato un caso che <strong>durante il pontificato di <\/strong><\/span><\/span><\/span><span style=\"font-family: Times New Roman, serif;\"><span style=\"font-size: medium;\"><strong>Giovanni Paolo II, San Francesco di Assisi fu dichiarato \u201cpatrono dei cultori di ecologia\u201d<\/strong>. Era la domenica di Pasqua, 6 aprile 1980, quando con una speciale Bolla, il Papa gli attribu\u00ec anche questa \u201conorificienza\u201d (a seguito di una petizione promossa dal cardinal Oddi, tra figure del mondo cattolico e non solo). Riporta il testo: <\/span><\/span><span style=\"font-family: Times New Roman, serif;\"><span style=\"font-size: medium;\"><i>t<\/i><\/span><\/span><em><span style=\"font-family: Times New Roman, serif;\"><span style=\"font-size: medium;\">ra i santi e gli uomini illustri che hanno avuto un singolare culto per la natura, quale magnifico dono fatto da Dio all&#8217;umanit\u00e0, viene meritatamente annoverato San Francesco d&#8217;Assisi. Egli, infatti, ebbe un alto sentimento di tutte le opere del Creatore, e quasi supernamente ispirato compose quel bellissimo Cantico delle Creature, attraverso le quali, in particolare frate sole e sorella luna e le stelle, diede all&#8217;onnipotente e buon Signore, la dovuta lode, gloria, onore e ogni benedizione.<\/span><\/span><\/em><\/p>\n<p align=\"JUSTIFY\"><span style=\"font-family: Times New Roman, serif;\"><span style=\"font-size: medium;\">Gi\u00e0 40 anni fa il \u201cproblema\u201d ecologico era sotto l&#8217;attenzione delle parti politiche, mediatiche ed ecclesiastiche. Solo che tutt&#8217;oggi non si riesce ad attuare quella conversione che gi\u00e0 Giovanni Paolo II desiderava e che avrebbe coinvolto l&#8217;uomo in tutte le sue dimensioni.<br \/>\nAncora nella \u201cRedemptor hominis\u201d scriveva: <i>s<\/i><span style=\"color: #000000;\"><i>u questa difficile strada, sulla strada dell&#8217;indispensabile trasformazione delle strutture della vita economica non sar\u00e0 facile avanzare se non interverr\u00e0 una vera conversione della mente, della volont\u00e0 e del cuore. Il compito richiede l&#8217;impegno risoluto di uomini e di popoli liberi e solidali.<\/i><\/span><\/span><\/span><\/p>\n<p align=\"JUSTIFY\"><span style=\"font-family: Times New Roman, serif;\"><span style=\"font-size: medium;\"><strong>La chiave sta tutta in quella solidariet\u00e0 fra popoli che ancora non siamo capaci di realizzare<\/strong>, presi dagli interessi particolari che ci impediscono di guardare gli altri come fratelli, dunque destinatari delle nostre stesse possibilit\u00e0 e risorse. Ma i grandi cambiamenti cominciano sempre con piccoli impegni e cambi di prospettive. Le sollecitazioni a \u201cinvertire\u201d le tendenze e le deviazioni consumistiche sono numerose; <strong>spetta a ciascuno decidere quando dare avvio a una vera e propria conversione, che porti nuovi atteggiamenti e, di seguito, ad azioni nuove o rigenerate<\/strong>. <\/span><\/span><\/p>\n<p align=\"JUSTIFY\"><span style=\"font-family: Times New Roman, serif;\"><span style=\"font-size: medium;\">Coraggio, allora, prendiamo in mano la nostra vita (e quella dei nostri fratelli) e facciamone un capolavoro!<\/span><\/span><\/p>\n<p align=\"JUSTIFY\"><span style=\"font-family: Times New Roman, serif;\"><span style=\"font-size: medium;\">Susanna M. de Candia<\/span><\/span><\/p>\n","protected":false},"excerpt":{"rendered":"<p>Gi\u00e0 40 anni fa, nella &#8220;Redemptor hominis&#8221;, Giovanni Paolo II mentre considerava le minacce di uno sfruttamento senza criterio dell&#8217;ambiente da parte dell&#8217;uomo, invitava a una conversione che coinvolgesse mente, volont\u00e0 e cuore. <\/p>\n","protected":false},"author":8,"featured_media":8324,"comment_status":"closed","ping_status":"closed","sticky":false,"template":"","format":"standard","meta":{"footnotes":""},"categories":[4,36],"tags":[416,1252,382,1284,25],"class_list":["post-8322","post","type-post","status-publish","format-standard","has-post-thumbnail","hentry","category-news","category-news-luce-e-vita","tag-conversione","tag-creato","tag-diocesi-molfetta-ruvo-giovinazzo-terlizzi","tag-giovanni-paolo-ii-ambiente","tag-luce-e-vita"],"acf":[],"_links":{"self":[{"href":"https:\/\/www.diocesimolfetta.it\/luceevita\/wp-json\/wp\/v2\/posts\/8322","targetHints":{"allow":["GET"]}}],"collection":[{"href":"https:\/\/www.diocesimolfetta.it\/luceevita\/wp-json\/wp\/v2\/posts"}],"about":[{"href":"https:\/\/www.diocesimolfetta.it\/luceevita\/wp-json\/wp\/v2\/types\/post"}],"author":[{"embeddable":true,"href":"https:\/\/www.diocesimolfetta.it\/luceevita\/wp-json\/wp\/v2\/users\/8"}],"replies":[{"embeddable":true,"href":"https:\/\/www.diocesimolfetta.it\/luceevita\/wp-json\/wp\/v2\/comments?post=8322"}],"version-history":[{"count":2,"href":"https:\/\/www.diocesimolfetta.it\/luceevita\/wp-json\/wp\/v2\/posts\/8322\/revisions"}],"predecessor-version":[{"id":8326,"href":"https:\/\/www.diocesimolfetta.it\/luceevita\/wp-json\/wp\/v2\/posts\/8322\/revisions\/8326"}],"wp:featuredmedia":[{"embeddable":true,"href":"https:\/\/www.diocesimolfetta.it\/luceevita\/wp-json\/wp\/v2\/media\/8324"}],"wp:attachment":[{"href":"https:\/\/www.diocesimolfetta.it\/luceevita\/wp-json\/wp\/v2\/media?parent=8322"}],"wp:term":[{"taxonomy":"category","embeddable":true,"href":"https:\/\/www.diocesimolfetta.it\/luceevita\/wp-json\/wp\/v2\/categories?post=8322"},{"taxonomy":"post_tag","embeddable":true,"href":"https:\/\/www.diocesimolfetta.it\/luceevita\/wp-json\/wp\/v2\/tags?post=8322"}],"curies":[{"name":"wp","href":"https:\/\/api.w.org\/{rel}","templated":true}]}}