{"id":8537,"date":"2020-11-29T08:53:09","date_gmt":"2020-11-29T07:53:09","guid":{"rendered":"http:\/\/www.diocesimolfetta.it\/luceevita\/?p=8537"},"modified":"2020-11-30T22:23:02","modified_gmt":"2020-11-30T21:23:02","slug":"avvento-familiare","status":"publish","type":"post","link":"https:\/\/www.diocesimolfetta.it\/luceevita\/avvento-familiare\/","title":{"rendered":"Avvento familiare"},"content":{"rendered":"<p>Attendere chi\u2026o cosa?\u00a0 <img loading=\"lazy\" decoding=\"async\" class=\"size-full wp-image-8538 alignright\" src=\"https:\/\/www.diocesimolfetta.it\/luceevita\/wp-content\/uploads\/sites\/2\/2020\/11\/Lev-39_2020.jpg\" alt=\"Lev 39_2020\" width=\"624\" height=\"910\" srcset=\"https:\/\/www.diocesimolfetta.it\/luceevita\/wp-content\/uploads\/sites\/2\/2020\/11\/Lev-39_2020.jpg 624w, https:\/\/www.diocesimolfetta.it\/luceevita\/wp-content\/uploads\/sites\/2\/2020\/11\/Lev-39_2020-206x300.jpg 206w, https:\/\/www.diocesimolfetta.it\/luceevita\/wp-content\/uploads\/sites\/2\/2020\/11\/Lev-39_2020-192x280.jpg 192w, https:\/\/www.diocesimolfetta.it\/luceevita\/wp-content\/uploads\/sites\/2\/2020\/11\/Lev-39_2020-527x768.jpg 527w\" sizes=\"auto, (max-width: 624px) 100vw, 624px\" \/><br \/>\nAttendiamo la famiglia.<br \/>\nParafrasando un antico detto, ci vien voglia di dire: famiglia, attendi te stessa! Il filosofo Diogene girava per Atene in pieno giorno con una lanterna accesa e a chi gli chiedeva cosa stesse facendo, rispondeva: \u201ccerco l\u2019uomo!\u201d. Se non fossimo tacciati di pazzia, anche noi vorremmo fare la stessa cosa, girare in pieno giorno per i nostri condomini, bussare agli appartamenti e chiedere: cerco la famiglia!<br \/>\nAlcuni appartamenti non si aprirebbero perch\u00e9 certi stabili sono dei dormitori: i genitori lavorano tutto il giorno, i figli studiano o sono all\u2019universit\u00e0 o sono fuori e si riuniscono solo la sera per\u2026 cenare e andare a dormire. Forse per\u00f2 in tempo di covid, tra lavoro da casa, didattica a distanza, qualcuno lo potremmo trovare, solo che trovando le persone fisiche, sparpagliate nelle stanze di un appartamento, ciascuno davanti allo schermo di un pc, non sappiamo se troveremmo la famiglia.<br \/>\nSi, appunto, la famiglia! Quella rete di relazioni e di circolazione di beni dello spirito che \u00e8 appunto la famiglia. Allora ci sposteremmo per la strada e chiederemmo ai passanti cosa pensano della famiglia, cosa sono le famiglie in cui vivono, anzi chi sono. Semplicemente ci piacerebbe sapere se cercano ancora la famiglia, se vogliono incontrarsi e stabilire relazioni. Tante famiglie non si cercano, semplicemente si lasciano vivere. E questo accade perch\u00e9 tante famiglie non conoscono la grandezza della propria realt\u00e0 e della propria vocazione. Appunto non si conoscono, sono delle estranee a se stesse. Dalla famiglia spesso si fugge o la si vive a proprio uso e consumo.<br \/>\nLa famiglia non pu\u00f2 essere un rifugio per la mancata realizzazione dei figli, n\u00e9 tantomeno una realt\u00e0 da cui si scappa per realizzare se stessi dimenticando genitori e fratelli. A volte siamo tentati di fare un tuffo nel passato e rimpiangerne i modelli familiari, nei quali i membri vivevano relazioni sicure, in un porto sicuro. Spesso per\u00f2 quel modello era anche debole perch\u00e9 creava legami che impedivano realizzazioni personali; oggi \u00e8 ugualmente debole perch\u00e9 creando pochi legami, non riesce a sanare il senso di insicurezza, con cui tanti giovani crescono.<br \/>\nAllora la stiamo cercando, la famiglia. \u00e8 nostro dovere cercarla e trovarla, perch\u00e9 nella famiglia noi siamo, esistiamo e ci muoviamo. Ci faremo aiutare da questo tempo liturgico dell\u2019Avvento.<br \/>\nCome Ufficio di Pastorale Familiare abbiamo pensato di accompagnare questo tempo forte con una riflessione domenicale, a sfondo familiare, realizzata dalle coppie della nostra \u00e8quipe diocesana. Vogliamo suscitare interrogativi e dialogare con tutti, dato che nessuno ha la ricetta in tasca, suggerendo un breve commento alle Letture, attivit\u00e0 e stili di vita.<br \/>\nSappiamo molto bene che non esiste un modello univoco di famiglia, soprattutto perch\u00e9 le famiglie vivono situazioni che cambiano con l\u2019evolversi della vita. La famiglia con i figli piccoli \u00e8 diversa dalla famiglia in cui vivono figli giovani, studenti universitari o con difficolt\u00e0 lavorative o che stanno per sposarsi o con figli disabili o con genitori che invecchiano e hanno bisogno di progressiva assistenza.<br \/>\nQuale rapporto possono avere figli sposati con i genitori anziani? Il rapporto con gli anziani \u00e8 la prova del nove del tipo di famiglia che abbiamo costruito o che vogliamo costruire.<br \/>\nAvvento familiare, dunque! Guardando le volte della mia parrocchia affrescate dagli eventi dell\u2019infanzia di Ges\u00f9, il mio nuovo vice parroco ha genialmente pensato di fare una catechesi ai bambini puntando il laser verso quelle figure. Voglio scegliere questa immagine: puntare in alto! La famiglia \u00e8 quella che sta in alto, puntando verso di essa il laser della nostra speranza. Il modello di famiglia che Ges\u00f9 ci ha donato, facendosi uomo, vivendo e valorizzando il luogo umano della crescita, quel luogo dove Dio \u00e8 amato e gli uomini sono serviti.<\/p>\n","protected":false},"excerpt":{"rendered":"<p>Attendere chi&#8230; o che cosa? Attendiamo la famiglia.<br \/>\nParafrasando un antico detto, ci vien voglia di dire: famiglia, attendi te stessa! Il filosofo Diogene girava per Atene in pieno giorno con una lanterna accesa e a chi gli chiedeva cosa stesse facendo, rispondeva: \u201ccerco l\u2019uomo!\u201d. Se non fossimo tacciati di pazzia, anche noi vorremmo fare la stessa cosa, girare in pieno giorno per i nostri condomini, bussare agli appartamenti e chiedere: cerco la famiglia!<\/p>\n","protected":false},"author":3,"featured_media":8540,"comment_status":"closed","ping_status":"closed","sticky":false,"template":"","format":"standard","meta":{"footnotes":""},"categories":[459,13,4,36,1297],"tags":[626,1036,25,1334],"class_list":["post-8537","post","type-post","status-publish","format-standard","has-post-thumbnail","hentry","category-attualita","category-editoriali","category-news","category-news-luce-e-vita","category-ufficio-per-la-pastorale-della-famiglia","tag-avvento","tag-editoriale-luce-e-vita","tag-luce-e-vita","tag-pastorale-familiare"],"acf":[],"_links":{"self":[{"href":"https:\/\/www.diocesimolfetta.it\/luceevita\/wp-json\/wp\/v2\/posts\/8537","targetHints":{"allow":["GET"]}}],"collection":[{"href":"https:\/\/www.diocesimolfetta.it\/luceevita\/wp-json\/wp\/v2\/posts"}],"about":[{"href":"https:\/\/www.diocesimolfetta.it\/luceevita\/wp-json\/wp\/v2\/types\/post"}],"author":[{"embeddable":true,"href":"https:\/\/www.diocesimolfetta.it\/luceevita\/wp-json\/wp\/v2\/users\/3"}],"replies":[{"embeddable":true,"href":"https:\/\/www.diocesimolfetta.it\/luceevita\/wp-json\/wp\/v2\/comments?post=8537"}],"version-history":[{"count":1,"href":"https:\/\/www.diocesimolfetta.it\/luceevita\/wp-json\/wp\/v2\/posts\/8537\/revisions"}],"predecessor-version":[{"id":8541,"href":"https:\/\/www.diocesimolfetta.it\/luceevita\/wp-json\/wp\/v2\/posts\/8537\/revisions\/8541"}],"wp:featuredmedia":[{"embeddable":true,"href":"https:\/\/www.diocesimolfetta.it\/luceevita\/wp-json\/wp\/v2\/media\/8540"}],"wp:attachment":[{"href":"https:\/\/www.diocesimolfetta.it\/luceevita\/wp-json\/wp\/v2\/media?parent=8537"}],"wp:term":[{"taxonomy":"category","embeddable":true,"href":"https:\/\/www.diocesimolfetta.it\/luceevita\/wp-json\/wp\/v2\/categories?post=8537"},{"taxonomy":"post_tag","embeddable":true,"href":"https:\/\/www.diocesimolfetta.it\/luceevita\/wp-json\/wp\/v2\/tags?post=8537"}],"curies":[{"name":"wp","href":"https:\/\/api.w.org\/{rel}","templated":true}]}}