{"id":8626,"date":"2020-12-08T21:16:24","date_gmt":"2020-12-08T20:16:24","guid":{"rendered":"http:\/\/www.diocesimolfetta.it\/luceevita\/?p=8626"},"modified":"2020-12-08T21:16:47","modified_gmt":"2020-12-08T20:16:47","slug":"ecco-il-nostro-si","status":"publish","type":"post","link":"https:\/\/www.diocesimolfetta.it\/luceevita\/ecco-il-nostro-si\/","title":{"rendered":"Ecco il nostro s\u00ec"},"content":{"rendered":"<p><strong><em>\u00a0\u2026 Ecco il nostro S\u00ec, nuova luce che rischiara il giorno,<\/em><\/strong><em><br \/>\n<strong>\u00e8 bellissimo regalare al mondo la Speranza.<img loading=\"lazy\" decoding=\"async\" class=\" wp-image-8627 alignright\" src=\"https:\/\/www.diocesimolfetta.it\/luceevita\/wp-content\/uploads\/sites\/2\/2020\/12\/ManifestoUnitario2020-21-m-717x1024.jpg\" alt=\"ManifestoUnitario2020-21-m\" width=\"410\" height=\"586\" srcset=\"https:\/\/www.diocesimolfetta.it\/luceevita\/wp-content\/uploads\/sites\/2\/2020\/12\/ManifestoUnitario2020-21-m-717x1024.jpg 717w, https:\/\/www.diocesimolfetta.it\/luceevita\/wp-content\/uploads\/sites\/2\/2020\/12\/ManifestoUnitario2020-21-m-210x300.jpg 210w, https:\/\/www.diocesimolfetta.it\/luceevita\/wp-content\/uploads\/sites\/2\/2020\/12\/ManifestoUnitario2020-21-m-768x1097.jpg 768w, https:\/\/www.diocesimolfetta.it\/luceevita\/wp-content\/uploads\/sites\/2\/2020\/12\/ManifestoUnitario2020-21-m-196x280.jpg 196w, https:\/\/www.diocesimolfetta.it\/luceevita\/wp-content\/uploads\/sites\/2\/2020\/12\/ManifestoUnitario2020-21-m-538x768.jpg 538w, https:\/\/www.diocesimolfetta.it\/luceevita\/wp-content\/uploads\/sites\/2\/2020\/12\/ManifestoUnitario2020-21-m-1075x1536.jpg 1075w, https:\/\/www.diocesimolfetta.it\/luceevita\/wp-content\/uploads\/sites\/2\/2020\/12\/ManifestoUnitario2020-21-m-1434x2048.jpg 1434w, https:\/\/www.diocesimolfetta.it\/luceevita\/wp-content\/uploads\/sites\/2\/2020\/12\/ManifestoUnitario2020-21-m-800x1143.jpg 800w, https:\/\/www.diocesimolfetta.it\/luceevita\/wp-content\/uploads\/sites\/2\/2020\/12\/ManifestoUnitario2020-21-m-1200x1714.jpg 1200w, https:\/\/www.diocesimolfetta.it\/luceevita\/wp-content\/uploads\/sites\/2\/2020\/12\/ManifestoUnitario2020-21-m-1320x1886.jpg 1320w, https:\/\/www.diocesimolfetta.it\/luceevita\/wp-content\/uploads\/sites\/2\/2020\/12\/ManifestoUnitario2020-21-m-scaled.jpg 1792w\" sizes=\"auto, (max-width: 410px) 100vw, 410px\" \/><\/strong><br \/>\n<strong>Ecco il nostro S\u00ec, camminiamo insieme a te Maria,<\/strong><br \/>\n<strong>Madre di Ges\u00f9, madre dell\u2019umanit\u00e0 \u2026<\/strong><\/em><\/p>\n<p><strong>E\u2019 il ritornello del <\/strong>canto che pi\u00f9 di altri riecheggia nelle nostre chiese l\u20198 dicembre per la solennit\u00e0 dell\u2019Immacolata Concezione.<\/p>\n<p>Nel giorno in cui, con il Si di Maria, si danno appuntamento il s\u00ec di Dio e il s\u00ec dell\u2019uomo, l\u2019Azione Cattolica dice Si.<\/p>\n<p>Il Si che \u00e8:<\/p>\n<ul>\n<li>aderire, per una\u00a0scelta personale, ad un progetto traducendo, la nostra pi\u00f9 ampia adesione a Cristo e alla Chiesa universale con l\u2019impegno di portare novit\u00e0 e speranza sulle strade del mondo;<\/li>\n<li>manifestare la propria responsabilit\u00e0 laicale, e essere cristiani che prendono decisamente in mano la propria vita, assumendosi precise responsabilit\u00e0 verso la Chiesa ,l\u2019umanit\u00e0 e il territorio;<\/li>\n<li>assumere la\u00a0responsabilit\u00e0 economica,\u00a0mediante il tesseramento, di sostenere la propria associazione, a livello locale e nazionale, consentendole di avere mezzi adeguati per realizzare la molteplicit\u00e0 di iniziative, di pubblicazioni, di progetti che ne fanno una grande associazione popolare per l\u2019animazione cristiana del nostro tempo;<\/li>\n<li>espressione della volont\u00e0 di crescere assieme, senza lacerazioni e divisioni, per costruire, in modo fraterno e inclusivo;<\/li>\n<li>desiderare di camminare, fianco a fianco, sostenendosi reciprocamente, persone di tutte le et\u00e0 e nelle diverse condizioni di vita;<\/li>\n<li>avventurarsi in una regola di vita che attraversa la quotidianit\u00e0 e che richiama continuamente all\u2019essere in comunione tra credenti e aperti verso chiunque, perch\u00e9 tutto l\u2019umano ci interessa;<\/li>\n<li>mettere a frutto competenze e talenti perch\u00e9 altri ne godano e scoprano a quale meta grande sono chiamati per scoprire la meraviglia dell\u2019essere complici insieme, dell\u2019avventura della vita secondo il Vangelo;<\/li>\n<li>assumere responsabilit\u00e0 con regole precise di democrazia;<\/li>\n<li>continuare a scrivere la storia dell\u2019associazione come luogo di formazione alla santit\u00e0.<\/li>\n<\/ul>\n<p>Principi, che per noi aderenti di Ac, non possono venire meno soprattutto in questa emergenza sanitaria, in questo tempo sospeso dove, paure, incertezze e dubbi ci sovrastano.<\/p>\n<p>Maria \u00e8 \u201cServa\u201d, cio\u00e8 donna di fede che accoglie la \u201c<em>Notizia<\/em>\u201d ed \u00e8 colei che, all\u2019annuncio della venuta di Cristo, servo fedele, dice Si e ci incoraggia con il suo esempio a<em> \u201cServire e dare la propria vita\u201d.<\/em><\/p>\n<p>Come quello di Maria, anche il nostro \u201cEccomi!\u201d pu\u00f2 cambiare la storia. Anche la storia di oggi perch\u00e9, come ci scrive la Presidenza Nazionale in una lettera ricca di umanit\u00e0 e dal forte carattere associativo: \u201c\u2026 <em>La pandemia ci ha dimostrato che ci sono gesti che sembrano non necessari, ma che rivelano un grande significato, piccole azioni capaci di dare sostegno e generare fiducia: pensiamo a chi si \u00e8 offerto per portare la spesa agli anziani o a chi ha pensato di essere vicino con una chiamata alle persone sole. Per questo tempo, come Azione Cattolica, il nostro impegno vuole essere proprio quello di non lasciare che nessuno sia solo, ma sostenere e promuovere quei gesti semplici di cui abbiamo riscoperto il valore nei mesi scorsi. Quest\u2019anno, quindi, promuovere l\u2019adesione sar\u00e0 provare a condividere l\u2019idea che avere una tessera di AC con il proprio nome significa dare in modo perseverante il proprio contributo per superare insieme come fratelli il periodo difficile in cui ci troviamo. Tutti abbiamo sperimentato che da soli non possiamo vivere e allora, proprio quest\u2019anno, sar\u00e0 fondamentale dare a quante pi\u00f9 persone possibile l\u2019occasione di aderire all\u2019AC, che \u00e8 esperienza di autentica fraternit\u00e0 e antidoto all\u2019isolamento\u201d.<\/em><\/p>\n<p>Tale lettera, che \u00e8 stata anche la comunicazione di un gesto concreto di condivisione dell\u2019associazione nazionale al singolo aderente che soffre il momento di difficolt\u00e0 economica, paragona l\u2019accumularsi delle tessere, anno dopo anno, agli anelli del tronco di un albero che indicano la crescita dei soci \u201cin sapienza, et\u00e0 e grazia davanti a Dio e agli uomini\u201d.<\/p>\n<p>Ecco il nostro Si che \u00e8 coraggio, umilt\u00e0, silenzio d\u2019amore, speranza, segreto del cuore, fedelt\u00e0, pace, poesia dell\u2019anima.<\/p>\n<p>Maria, sostienici e insegnaci a dire un Si pieno e riconoscente al s\u00ec che per primo Dio ha detto a ognuno di noi.<\/p>\n<p>Auguri, Azione Cattolica diocesi di Molfetta, Ruvo, Giovinazzo e Terlizzi, duc in altum!<\/p>\n<p><em>Nunzia Di Terlizzi<\/em><\/p>\n<p>&nbsp;<\/p>\n<p><em>(articolo pubblicato sul Settimanale Luce e Vita di domenica 6 dicembre 2020)<\/em><\/p>\n","protected":false},"excerpt":{"rendered":"<p>\u00a0\u2026 Ecco il nostro S\u00ec, nuova luce che rischiara il giorno, \u00e8 bellissimo regalare al mondo la Speranza. Ecco il &hellip; <a href=\"https:\/\/www.diocesimolfetta.it\/luceevita\/ecco-il-nostro-si\/\" class=\"more-link\">+LEGGI TUTTO<span class=\"screen-reader-text\">Ecco il nostro s\u00ec<\/span> <span class=\"meta-nav\">&raquo;<\/span><\/a><\/p>\n","protected":false},"author":3,"featured_media":8627,"comment_status":"closed","ping_status":"closed","sticky":false,"template":"","format":"standard","meta":{"footnotes":""},"categories":[117,380,4],"tags":[1348,118,1349],"class_list":["post-8626","post","type-post","status-publish","format-standard","has-post-thumbnail","hentry","category-azione-cattolica-diocesana","category-esperienze-pastorali","category-news","tag-8-dicembre","tag-azione-cattolica","tag-diocesi-di-molfetta-ruvo-giovniazzo-terlizzi"],"acf":[],"_links":{"self":[{"href":"https:\/\/www.diocesimolfetta.it\/luceevita\/wp-json\/wp\/v2\/posts\/8626","targetHints":{"allow":["GET"]}}],"collection":[{"href":"https:\/\/www.diocesimolfetta.it\/luceevita\/wp-json\/wp\/v2\/posts"}],"about":[{"href":"https:\/\/www.diocesimolfetta.it\/luceevita\/wp-json\/wp\/v2\/types\/post"}],"author":[{"embeddable":true,"href":"https:\/\/www.diocesimolfetta.it\/luceevita\/wp-json\/wp\/v2\/users\/3"}],"replies":[{"embeddable":true,"href":"https:\/\/www.diocesimolfetta.it\/luceevita\/wp-json\/wp\/v2\/comments?post=8626"}],"version-history":[{"count":3,"href":"https:\/\/www.diocesimolfetta.it\/luceevita\/wp-json\/wp\/v2\/posts\/8626\/revisions"}],"predecessor-version":[{"id":8630,"href":"https:\/\/www.diocesimolfetta.it\/luceevita\/wp-json\/wp\/v2\/posts\/8626\/revisions\/8630"}],"wp:featuredmedia":[{"embeddable":true,"href":"https:\/\/www.diocesimolfetta.it\/luceevita\/wp-json\/wp\/v2\/media\/8627"}],"wp:attachment":[{"href":"https:\/\/www.diocesimolfetta.it\/luceevita\/wp-json\/wp\/v2\/media?parent=8626"}],"wp:term":[{"taxonomy":"category","embeddable":true,"href":"https:\/\/www.diocesimolfetta.it\/luceevita\/wp-json\/wp\/v2\/categories?post=8626"},{"taxonomy":"post_tag","embeddable":true,"href":"https:\/\/www.diocesimolfetta.it\/luceevita\/wp-json\/wp\/v2\/tags?post=8626"}],"curies":[{"name":"wp","href":"https:\/\/api.w.org\/{rel}","templated":true}]}}