{"id":8663,"date":"2020-12-11T20:44:54","date_gmt":"2020-12-11T19:44:54","guid":{"rendered":"http:\/\/www.diocesimolfetta.it\/luceevita\/?p=8663"},"modified":"2020-12-12T20:49:24","modified_gmt":"2020-12-12T19:49:24","slug":"il-mirabile-segno-che-e-in-ogni-casa","status":"publish","type":"post","link":"https:\/\/www.diocesimolfetta.it\/luceevita\/il-mirabile-segno-che-e-in-ogni-casa\/","title":{"rendered":"Il mirabile segno che \u00e8 in ogni casa"},"content":{"rendered":"<p class=\"summary\"><img loading=\"lazy\" decoding=\"async\" class=\"aligncenter size-large wp-image-8664\" src=\"https:\/\/www.diocesimolfetta.it\/luceevita\/wp-content\/uploads\/sites\/2\/2020\/12\/presepino-1024x576.jpg\" alt=\"presepe\" width=\"800\" height=\"450\" srcset=\"https:\/\/www.diocesimolfetta.it\/luceevita\/wp-content\/uploads\/sites\/2\/2020\/12\/presepino-1024x576.jpg 1024w, https:\/\/www.diocesimolfetta.it\/luceevita\/wp-content\/uploads\/sites\/2\/2020\/12\/presepino-300x169.jpg 300w, https:\/\/www.diocesimolfetta.it\/luceevita\/wp-content\/uploads\/sites\/2\/2020\/12\/presepino-768x432.jpg 768w, https:\/\/www.diocesimolfetta.it\/luceevita\/wp-content\/uploads\/sites\/2\/2020\/12\/presepino-360x203.jpg 360w, https:\/\/www.diocesimolfetta.it\/luceevita\/wp-content\/uploads\/sites\/2\/2020\/12\/presepino-1536x864.jpg 1536w, https:\/\/www.diocesimolfetta.it\/luceevita\/wp-content\/uploads\/sites\/2\/2020\/12\/presepino-800x450.jpg 800w, https:\/\/www.diocesimolfetta.it\/luceevita\/wp-content\/uploads\/sites\/2\/2020\/12\/presepino-1200x675.jpg 1200w, https:\/\/www.diocesimolfetta.it\/luceevita\/wp-content\/uploads\/sites\/2\/2020\/12\/presepino-1320x743.jpg 1320w, https:\/\/www.diocesimolfetta.it\/luceevita\/wp-content\/uploads\/sites\/2\/2020\/12\/presepino.jpg 1600w\" sizes=\"auto, (max-width: 800px) 100vw, 800px\" \/>Riunirsi in famiglia quest\u2019anno sar\u00e0 pi\u00f9 difficile o addirittura impossibile, ma in ogni casa c\u2019\u00e8 un \u201cmirabile segno\u201d che pu\u00f2 farci sentire tutti uniti in contemplazione del Natale e del Signore che viene.<\/p>\n<div class=\"post-content\">\n<p><em>Il mirabile segno del presepe, cos\u00ec caro al popolo cristiano, suscita sempre stupore e meraviglia. Rappresentare l\u2019evento della nascita di Ges\u00f9 equivale ad annunciare il mistero dell\u2019Incarnazione del Figlio di Dio con semplicit\u00e0 e gioia. Il presepe, infatti, \u00e8 come un Vangelo vivo, che trabocca dalle pagine della Sacra Scrittura.<\/em> [\u2026]<\/p>\n<p><em style=\"font-size: inherit;\">\u00c8 cos\u00ec che nasce la nostra tradizione: tutti attorno alla grotta e ricolmi di gioia, senza pi\u00f9 alcuna distanza tra l\u2019evento che si compie e quanti diventano partecipi del mistero. <\/em><span style=\"font-size: inherit;\">[\u2026]<\/span><\/p>\n<p><em>Cari fratelli e sorelle, il presepe fa parte del dolce ed esigente processo di trasmissione della fede. A partire dall\u2019infanzia e poi in ogni et\u00e0 della vita, ci educa a contemplare Ges\u00f9, a sentire l\u2019amore di Dio per noi, a sentire e credere che Dio \u00e8 con noi e noi siamo con Lui, tutti figli e fratelli grazie a quel Bambino Figlio di Dio e della Vergine Maria. (<\/em>Papa Francesco, Lettera Apostolica\u00a0<a href=\"http:\/\/www.vatican.va\/content\/francesco\/it\/apost_letters\/documents\/papa-francesco-lettera-ap_20191201_admirabile-signum.html\" target=\"_blank\" rel=\"noopener noreferrer\"><em>Admirabile Signum<\/em><\/a>, sul significato e il valore del presepe, 1 dicembre 2019)<\/p>\n<p>C\u2019\u00e8 qualcosa che nessun lockdown pu\u00f2 impedire, proprio come ai tempi di Ges\u00f9 nulla pot\u00e9 impedire la sua nascita quando fu il tempo stabilito. \u00c8 la tradizione del presepe, quella che dobbiamo a Francesco d\u2019Assisi e a cui papa Francesco ha voluto dedicare, l\u2019anno scorso, una breve quanto accorata lettera apostolica. Riunirsi in famiglia quest\u2019anno sar\u00e0 pi\u00f9 difficile o addirittura impossibile, ma in ogni casa c\u2019\u00e8 un \u201cmirabile segno\u201d che pu\u00f2 farci sentire tutti uniti in contemplazione del Natale e del Signore che viene. Quali statuine metteremo quest\u2019anno nel nostro presepe? C\u2019\u00e8 Maria grazie al cui \u201cs\u00ec\u201d tutto \u00e8 stato possibile, c\u2019\u00e8 Giuseppe, padre dell\u2019ascolto e della protezione, con il suo bastone o la lanterna in mano.<\/p>\n<p>C\u2019\u00e8 un paesaggio notturno che ben simboleggia come anche la natura fosse in trepidazione per l\u2019evento dell\u2019incarnazione; e poi ci sono i pastori con le loro greggi, fino ad arrivare ai Re Magi, coloro che hanno seguito la luce della stella e ora saranno pronti per portare la buona notizia di Ges\u00f9 al mondo. A seconda degli usi e delle abitudini famigliari, in ogni presepe poi entrano personaggi che si rifanno solo alla tradizione e che anche se non menzionati dal Vangelo hanno diritto di cittadinanza nella rappresentazione. Sono personaggi umili, intenti al loro lavoro, dai campi o dalle botteghe, sono personaggi che ci fanno ancor pi\u00f9 immedesimare, uniti a noi nel desiderio di essere presenti e a loro volta essere visitati, l\u00ec dove sono, nelle loro occupazioni quotidiane, da una nascita tanto straordinaria quanto propiziata nella pi\u00f9 grande e semplice povert\u00e0.<\/p>\n<p>Quest\u2019anno attorno al presepe molti di noi non potranno essere insieme e forse si potr\u00e0 intravvedere le reciproche costruzioni fra nonni e nipoti solo con qualche fotografia o qualche collegamento in rete\u2026 Eppure proprio il segno del presepe ci insegna ad avere uno sguardo che sa andare oltre le distanze. Nella contemplazione di questo manufatto, come scrive il Papa, si crea un legame per cui siamo \u201csenza pi\u00f9 alcuna distanza tra l\u2019evento che si compie e quanti diventano partecipi del mistero\u201d. Il presepe del Natale 2020 potr\u00e0 essere ricordato per la sua pregnanza e simbolicit\u00e0, idealmente attorno alla grotta, davanti a quella mangiatoia vuota, prima che sia deposto il Bambino Ges\u00f9, potremo mettere tutte le persone che dovranno trascorrere le feste in ospedale, tutte le persone sole, senza ricongiungimento; ma poi anche tutti i medici e gli infermieri, tutte le persone che non possono smettere di lavorare e quelle che il lavoro non ce l\u2019hanno o l\u2019hanno perso.<\/p>\n<p>C\u2019\u00e8 la nostra umanit\u00e0 stupita e ammirata nel presepio, c\u2019\u00e8 fra le statuine che si \u00e8 andati a prendere in soffitta o in cantina, c\u2019\u00e8 il desiderio di dire al mondo che ancora una volta Ges\u00f9 nasce per noi, scegliendo la via di un\u2019umanit\u00e0 nuda e disarmata proprio come la nostra. Come si scuote la polvere dalla capanna stipata in qualche ripostiglio per tutto il resto dell\u2019anno, cos\u00ec rispolveriamo la tradizione del presepe come un\u2019eccezionale occasione per raccontare ai fratelli che l\u2019amore di Dio non teme blocchi, o quarantene, ma anche quest\u2019anno viene copioso ovunque ci sia un uomo che lo accoglie.<\/p>\n<\/div>\n","protected":false},"excerpt":{"rendered":"<p>Il mirabile segno del presepe, cos\u00ec caro al popolo cristiano, suscita sempre stupore e meraviglia. Rappresentare l\u2019evento della nascita di Ges\u00f9 equivale ad annunciare il mistero dell\u2019Incarnazione del Figlio di Dio con semplicit\u00e0 e gioia. Il presepe, infatti, \u00e8 come un Vangelo vivo, che trabocca dalle pagine della Sacra Scrittura. [\u2026]<\/p>\n","protected":false},"author":3,"featured_media":8664,"comment_status":"closed","ping_status":"closed","sticky":false,"template":"","format":"standard","meta":{"footnotes":""},"categories":[459,4],"tags":[990,1358],"class_list":["post-8663","post","type-post","status-publish","format-standard","has-post-thumbnail","hentry","category-attualita","category-news","tag-admirabile-signum","tag-presepe"],"acf":[],"_links":{"self":[{"href":"https:\/\/www.diocesimolfetta.it\/luceevita\/wp-json\/wp\/v2\/posts\/8663","targetHints":{"allow":["GET"]}}],"collection":[{"href":"https:\/\/www.diocesimolfetta.it\/luceevita\/wp-json\/wp\/v2\/posts"}],"about":[{"href":"https:\/\/www.diocesimolfetta.it\/luceevita\/wp-json\/wp\/v2\/types\/post"}],"author":[{"embeddable":true,"href":"https:\/\/www.diocesimolfetta.it\/luceevita\/wp-json\/wp\/v2\/users\/3"}],"replies":[{"embeddable":true,"href":"https:\/\/www.diocesimolfetta.it\/luceevita\/wp-json\/wp\/v2\/comments?post=8663"}],"version-history":[{"count":1,"href":"https:\/\/www.diocesimolfetta.it\/luceevita\/wp-json\/wp\/v2\/posts\/8663\/revisions"}],"predecessor-version":[{"id":8665,"href":"https:\/\/www.diocesimolfetta.it\/luceevita\/wp-json\/wp\/v2\/posts\/8663\/revisions\/8665"}],"wp:featuredmedia":[{"embeddable":true,"href":"https:\/\/www.diocesimolfetta.it\/luceevita\/wp-json\/wp\/v2\/media\/8664"}],"wp:attachment":[{"href":"https:\/\/www.diocesimolfetta.it\/luceevita\/wp-json\/wp\/v2\/media?parent=8663"}],"wp:term":[{"taxonomy":"category","embeddable":true,"href":"https:\/\/www.diocesimolfetta.it\/luceevita\/wp-json\/wp\/v2\/categories?post=8663"},{"taxonomy":"post_tag","embeddable":true,"href":"https:\/\/www.diocesimolfetta.it\/luceevita\/wp-json\/wp\/v2\/tags?post=8663"}],"curies":[{"name":"wp","href":"https:\/\/api.w.org\/{rel}","templated":true}]}}