{"id":8704,"date":"2020-12-18T17:17:15","date_gmt":"2020-12-18T16:17:15","guid":{"rendered":"http:\/\/www.diocesimolfetta.it\/luceevita\/?p=8704"},"modified":"2021-11-29T21:57:55","modified_gmt":"2021-11-29T20:57:55","slug":"premio-letterario-don-tonino-bello-2","status":"publish","type":"post","link":"https:\/\/www.diocesimolfetta.it\/luceevita\/premio-letterario-don-tonino-bello-2\/","title":{"rendered":"Premio letterario &#8220;don Tonino Bello&#8221;"},"content":{"rendered":"<p>Prima edizione del Premio letterario \u201cdon Tonino Bello\u201d, con due sezioni distinte, la poesia metafisica e il giornalismo di prossimit\u00e0.<\/p>\n<p><strong>1. L\u2019evento<\/strong><br \/>\nLa Diocesi di Molfetta-Ruvo-Giovinazzo-Terlizzi, attraverso l\u2019impegno del settimanale diocesano <em>Luce e Vita<\/em> \u2013 che edita l\u2019Opera omnia degli scritti del Servo di Dio Antonio Bello \u2013 e dell\u2019associazione <em>Stola e Grembiule<\/em>, istituita da circa tre anni in Diocesi per promuovere le opere sociali e culturali del Servo di Dio, indice la prima edizione del Premio letterario \u201cdon Tonino Bello\u201d, con due sezioni distinte, la poesia metafisica e il giornalismo di prossimit\u00e0.<br \/>\nLa poesia metafisica esprime la tensione dell\u2019individuo verso l\u2019Assoluto, declinato nelle forme di qualunque confessione religiosa. Accanto alla lirica metafisica sar\u00e0 valorizzata anche quella poesia civile che sia incline ai valori del cristianesimo e che evidenzi uno sguardo non superficiale alla realt\u00e0 che ci circonda. Luce e Vita, forte della presenza da due anni della rubrica Riflessi, dedicata a questa forma di poesia, lancia la sperimentazione di tale premio letterario, dedicato a don Tonino Bello, figura chiave per la spiritualit\u00e0 e per l\u2019azione pastorale nella diocesi, nonch\u00e9 modello di poesia, capace di attingere alle vette del \u201csublime inferiore\u201d nelle sue liriche, nella prosa e nelle preghiere.<br \/>\nIl giornalismo di prossimit\u00e0 \u00e8 stato lo stile di indagine e di scrittura giornalistica che don Tonino ha abbondantemente profuso e insegnato, a partire dalle colonne del settimanale diocesano Luce e Vita per estendersi su altre autorevoli testate locali e nazionali, avendo l\u2019obiettivo di leggere i fenomeni a partire da quanti li vivono in prima persona, \u201cmettendosi in corpo l\u2019occhio del povero\u201d. Copiosa \u00e8 stata la produzione di don Tonino in tal senso, con le sue Lettere a\u2026 e con i continui riferimenti a nomi e situazioni incontrate di persona nel suo episcopato vissuto tra la gente, a partire dalle periferie esistenziali su cui richiama l\u2019attenzione anche Papa Francesco.<br \/>\nIl premio intende dunque incoraggiare una scrittura alta e altra, una narrazione profonda della realt\u00e0, anche in contrapposizione a un uso distorto della parola che dilaga sui moderni canali di comunicazione<\/p>\n<p><strong>2. Il concorso<\/strong><br \/>\n<strong>SEZIONE A:\u00a0<\/strong><strong>Poesia metafisico-civile<\/strong><br \/>\nCiascun autore potr\u00e0 presentare tre testi, per un totale di massimo 90 versi, che siano classificabili nell\u2019ambito della Poesia metafisica o della lirica civile atta a promuovere i valori tipici dell\u2019etica cristiana. I testi non dovranno aver ricevuto pubblicazione cartacea, n\u00e9 online n\u00e9 potranno essere divulgati prima della conclusione del concorso. Il premio \u00e8 aperto ad autori provenienti da tutto il territorio nazionale, a patto che abbiano compiuto la maggiore et\u00e0.<\/p>\n<p><strong>SEZIONE B:\u00a0<\/strong><strong>Giornalismo di prossimit\u00e0<\/strong><br \/>\nI partecipanti dovranno inviare un servizio giornalistico scritto, di lunghezza compresa tra 4000 e 5000 caratteri spazi inclusi, pubblicato dal 1\u00b0 gennaio al 31 dicembre 2020 su testata giornalistica, cartacea o digitale, regolarmente registrata al tribunale. L\u2019articolo deve affrontare tematiche di interesse locale o nazionale, con stile di prossimit\u00e0, sempre in armonia con i principi etici del cristianesimo. La sezione \u00e8 destinata a giornalisti, iscritti all\u2019Albo, che abbiano compiuto la maggior et\u00e0.<\/p>\n<p><strong>3. Modalit\u00e0 di partecipazione<\/strong><br \/>\nI testi dovranno essere inviati in forma anonima e in formato PDF a premio.dontoninobello@gmail.com. Su un file a parte, scannerizzato e firmato, dovranno essere indicati i dati completi del partecipante, compresi l\u2019indirizzo di posta elettronica, un recapito telefonico, i titoli delle creazioni presentate al concorso, unitamente alla sottoscrizione della seguente dichiarazione: L\u2019opera \u00e8 frutto del mio ingegno, \u00e8 di mia esclusiva propriet\u00e0.<br \/>\nI partecipanti alla sezione giornalistica dovranno allegare anche il PDF della pagina stampata o il link della testata on line su cui \u00e8 avvenuta la pubblicazione e comunicare il numero di iscrizione all\u2019Ordine dei Giornalisti.<br \/>\nSi declina ogni responsabilit\u00e0 per disguidi postali, smarrimenti ed eventuali plagi. La data di scadenza per l\u2019invio telematico \u00e8 31 gennaio 2021.<\/p>\n<p>3.1. Con l\u2019invio degli elaborati i partecipanti autorizzano la pubblicazione gratuita sui media diocesani, rinunciando ai diritti d\u2019autore.<\/p>\n<p>3.2. Tutti i partecipanti saranno invitati alla manifestazione finale e informati dell\u2019esito del concorso.<\/p>\n<p>3.3. I dati personali dei concorrenti saranno tutelati secondo la normativa del Regolamento UE 2016\/679 (GDPR).<\/p>\n<p>3.4. Il concorso \u00e8 gratuito e ogni spesa eventuale, legata alla presenza alla manifestazione finale, sar\u00e0 a carico dei partecipanti.<\/p>\n<p>3.5. Due commissioni appositamente costituite, composte da esperti del settore letterario e giornalistico, coordinate dalla redazione di Luce e Vita, valuteranno i testi pervenuti, individuando quelli pi\u00f9 meritevoli. Il responso delle commissioni sar\u00e0 insindacabile.<\/p>\n<p>3.6. I vincitori delle due sezioni riceveranno premi in denaro, da concepire come incentivo alla pubblicazione dei testi poetici o come borsa di studio per i giornalisti. L\u2019importo varier\u00e0 a seconda delle edizioni; per l\u2019annata corrente, sar\u00e0 cos\u00ec determinato: 500 Euro 1\u00b0 classificato; 300 Euro 2\u00b0 classificato; 200 Euro 3\u00b0 classificato, per ciascuna sezione del concorso.<\/p>\n<p>3.7. Giorno e modalit\u00e0 della premiazione saranno comunicati successivamente ai partecipanti.<\/p>\n<p><strong>4. Contatti<\/strong><br \/>\nLuigi Sparapano (3492550963) Roberta Carlucci, 3497757474) Gianni A. Palumbo (3382448122).<\/p>\n","protected":false},"excerpt":{"rendered":"<p>Prima edizione del Premio letterario \u201cdon Tonino Bello\u201d, con due sezioni distinte, la poesia metafisica e il giornalismo di prossimit\u00e0.<\/p>\n","protected":false},"author":3,"featured_media":8705,"comment_status":"closed","ping_status":"closed","sticky":false,"template":"","format":"standard","meta":{"footnotes":""},"categories":[459,4,1340,1106,11],"tags":[1341,1591],"class_list":["post-8704","post","type-post","status-publish","format-standard","has-post-thumbnail","hentry","category-attualita","category-news","category-premio-letterario-don-tonino-bello","category-stola-e-grembiule","category-ufficio-per-le-comunicazioni-sociali","tag-premio-letterario-don-tonino-bello","tag-premio-letterario-don-tonino"],"acf":[],"_links":{"self":[{"href":"https:\/\/www.diocesimolfetta.it\/luceevita\/wp-json\/wp\/v2\/posts\/8704","targetHints":{"allow":["GET"]}}],"collection":[{"href":"https:\/\/www.diocesimolfetta.it\/luceevita\/wp-json\/wp\/v2\/posts"}],"about":[{"href":"https:\/\/www.diocesimolfetta.it\/luceevita\/wp-json\/wp\/v2\/types\/post"}],"author":[{"embeddable":true,"href":"https:\/\/www.diocesimolfetta.it\/luceevita\/wp-json\/wp\/v2\/users\/3"}],"replies":[{"embeddable":true,"href":"https:\/\/www.diocesimolfetta.it\/luceevita\/wp-json\/wp\/v2\/comments?post=8704"}],"version-history":[{"count":1,"href":"https:\/\/www.diocesimolfetta.it\/luceevita\/wp-json\/wp\/v2\/posts\/8704\/revisions"}],"predecessor-version":[{"id":8706,"href":"https:\/\/www.diocesimolfetta.it\/luceevita\/wp-json\/wp\/v2\/posts\/8704\/revisions\/8706"}],"wp:featuredmedia":[{"embeddable":true,"href":"https:\/\/www.diocesimolfetta.it\/luceevita\/wp-json\/wp\/v2\/media\/8705"}],"wp:attachment":[{"href":"https:\/\/www.diocesimolfetta.it\/luceevita\/wp-json\/wp\/v2\/media?parent=8704"}],"wp:term":[{"taxonomy":"category","embeddable":true,"href":"https:\/\/www.diocesimolfetta.it\/luceevita\/wp-json\/wp\/v2\/categories?post=8704"},{"taxonomy":"post_tag","embeddable":true,"href":"https:\/\/www.diocesimolfetta.it\/luceevita\/wp-json\/wp\/v2\/tags?post=8704"}],"curies":[{"name":"wp","href":"https:\/\/api.w.org\/{rel}","templated":true}]}}