{"id":8869,"date":"2021-01-10T17:03:28","date_gmt":"2021-01-10T16:03:28","guid":{"rendered":"http:\/\/www.diocesimolfetta.it\/luceevita\/?p=8869"},"modified":"2021-01-10T17:18:02","modified_gmt":"2021-01-10T16:18:02","slug":"si-muovono-i-primi-passi-dellassemblea-dei-cam-dellalta-murgia","status":"publish","type":"post","link":"https:\/\/www.diocesimolfetta.it\/luceevita\/si-muovono-i-primi-passi-dellassemblea-dei-cam-dellalta-murgia\/","title":{"rendered":"Si muovono i primi passi dell\u2019assemblea dei CAM dell\u2019Alta Murgia"},"content":{"rendered":"<p><img loading=\"lazy\" decoding=\"async\" class=\"aligncenter size-full wp-image-8870\" src=\"https:\/\/www.diocesimolfetta.it\/luceevita\/wp-content\/uploads\/sites\/2\/2021\/01\/scorie_nucleari.jpg\" alt=\"\" width=\"768\" height=\"512\" srcset=\"https:\/\/www.diocesimolfetta.it\/luceevita\/wp-content\/uploads\/sites\/2\/2021\/01\/scorie_nucleari.jpg 768w, https:\/\/www.diocesimolfetta.it\/luceevita\/wp-content\/uploads\/sites\/2\/2021\/01\/scorie_nucleari-300x200.jpg 300w, https:\/\/www.diocesimolfetta.it\/luceevita\/wp-content\/uploads\/sites\/2\/2021\/01\/scorie_nucleari-360x240.jpg 360w\" sizes=\"auto, (max-width: 768px) 100vw, 768px\" \/>Il tema delle scorie radioattive, da quando esiste, per ovvie ragioni tocca le corde pi\u00f9 sensibili dell\u2019opinione pubblica. Da diversi anni sono anni si parla della candidatura delle Murge per la localizzazione del sito nazionale di deposito dei rifiuti radioattivi. Bench\u00e9 i programmi nucleari italiani si siano fermati relativamente presto, col referendum del 1987, le quattro centrali nucleari italiane, negli anni del loro funzionamento hanno provocato l\u2019accumulo di rifiuti radioattivi, pi\u00f9 o meno tossici e pericolosi, che conservano la radioattivit\u00e0 per anni, per decenni, alcuni per secoli, altri per millenni, che devono essere smaltiti.<\/p>\n<p>Dopo anni di silenzi e di attese \u00e8 stata pubblicata la Carta delle aree potenzialmente idonee (Cnapi):\u00a0<a href=\"http:\/\/geoportale.sogin.it\/CNAPI_webGIS\/default.html?fbclid=IwAR203VptIx21zNGin0DIKlrog16Ab_VoCiWN__hsHCGsewC4Fd8LSf73DOs\">http:\/\/geoportale.sogin.it\/CNAPI_webGIS\/default.html<\/a>. L&#8217;<em>iter<\/em> ora prevede tappe e procedure definite dal D.L. 31\/2010. Il 9 gennaio 2021 all\u2019interno dell\u2019assemblea dei CAM dell\u2019Alta Murgia si \u00e8 aperto un confronto sulle possibili strategie da seguire per contrastare la scelta da parte della Sogin, la societ\u00e0 di Stato incaricata del <em>decommissioning<\/em> degli impianti\u00a0<em>nucleari<\/em> e della messa in sicurezza dei rifiuti radioattivi, di inserire alcuni siti dei sessantasette individuati in tutta Italia, in una vasta area delle Murge tra la Puglia e Basilicata e che coinvolge il territorio di ben sette comuni.<\/p>\n<p>Dal confronto dei membri &#8211; tra cui geologi, fisici, avvocati, amministratori locali, esponenti di movimenti di base e semplici cittadini interessati al bene comune &#8211; sono emerse varie posizioni tutte molto propositive, anche se non sempre in sintonia (come giusto che sia), soprattutto in merito all\u2019opportunit\u00e0 di un deposito unico nazionale.<\/p>\n<p>In sintesi, \u00e8 stato evidenziato come la Carta sia stata secretata per molto tempo, visto che <strong>era gi\u00e0 pronta dal 2015<\/strong>, a fronte della possibilit\u00e0 di fare <strong>le dovute controdeduzioni in appena due mesi dalla sua pubblicazione<\/strong> (4 gennaio 2021).<\/p>\n<p>Per molto tempo la Cnapi non \u00e8 stata pubblicata evidentemente per evitare violente contestazioni. La pubblicazione della notizia proprio nel pieno della pandemia fa insinuare il sospetto che, un po\u2019 subdolamente, l\u2019intento sia quello di ridurre la carica di inevitabili contestazioni, vista l\u2019impossibilit\u00e0 di aggregarsi in questo periodo.<\/p>\n<p>Purtroppo la parte politica, almeno quella nazionale, sembra non volersi esporre; non sta dando il meglio di s\u00e9. In maniera un po\u2019 furbesca i due Ministeri interessati, dello Sviluppo economico e dell\u2019Ambiente, hanno demandato alla Sogin l\u2019intera responsabilit\u00e0 della questione. E in generale in trent\u2019anni la politica, su questo tema, si \u00e8 sempre affidata ai tecnocrati per evitare ricadute negative in termini di consensi.<\/p>\n<p>I membri dei CAM naturalmente non contestano la necessit\u00e0, anzi l\u2019urgenza, di occuparsi del problema delle scorie radioattive, ma sono concordi nel sottolineare che, <strong>nelle valutazioni fatte dalla Sogin, non vengono tenuti in considerazione evidenti aspetti di criticit\u00e0<\/strong>, se non di aperta incompatibilit\u00e0 del territorio dell\u2019Alta Murgia con lo stoccaggio di scorie radioattive: vicinanza a dighe, fiumi, parchi, aree archeologiche e gravine. Le indicazioni della Sogin sono incompatibili con un patrimonio naturalistico, geologico ed enogastronomico molto ricco come quelli che caratterizza questo territorio. Inoltre, nell\u2019area interessata, <strong>da decenni, sono stati avviati importanti progetti nel settore agroalimentare, ma anche in quello del turismo ecosostenibile<\/strong> come nel caso del Parco delle Gravine, al fine di rilanciarla, <strong>con grandi sforzi economici sia pubblici che privati. La scelta della Sogin, in tal senso danneggerebbe<\/strong> gravemente la sua economia. Per questo, alcuni suoi membri, ravvisano l\u2019urgenza di costruire un <em>identikit <\/em>economico e naturalistico dell\u2019area allo scopo di sottolineare tali criticit\u00e0 e di smuovere l\u2019opinione pubblica.<\/p>\n<p>Naturalmente l\u2019intento non \u00e8 neanche quello di creare lotte campanilistiche tra territori, ma quello di valutare la rispondenza effettiva dell\u2019Alta Murgia ai criteri individuati per ospitare il deposito di scorie radioattive. Il problema va risolto! Ma ci sono territori che meglio rispondono a queste esigenze, come quelli nelle strette vicinanze dove il materiale radioattivo \u00e8 gi\u00e0 allocato.<\/p>\n<p>Molti dubbi, infine, sono stati sollevati sulla stessa Sogin, una societ\u00e0 che nelle sue attivit\u00e0 non si \u00e8 mai distinta per trasparenza.<\/p>\n<p>Siamo solo agli inizi di una battaglia che si preannuncia molto lunga.<\/p>\n<p><strong>Giovanni Capurso<\/strong><\/p>\n<p>&nbsp;<\/p>\n<p>&nbsp;<\/p>\n","protected":false},"excerpt":{"rendered":"<p>Per molto tempo la Cnapi non \u00e8 stata pubblicata evidentemente per evitare violente contestazioni. La pubblicazione della notizia proprio nel pieno della pandemia fa insinuare il sospetto che, un po\u2019 subdolamente, l\u2019intento sia quello di ridurre la carica di inevitabili contestazioni, vista l\u2019impossibilit\u00e0 di aggregarsi in questo periodo.<\/p>\n","protected":false},"author":3,"featured_media":8870,"comment_status":"closed","ping_status":"closed","sticky":false,"template":"","format":"standard","meta":{"footnotes":""},"categories":[459,3,4],"tags":[719,1395,1394],"class_list":["post-8869","post","type-post","status-publish","format-standard","has-post-thumbnail","hentry","category-attualita","category-evidenza","category-news","tag-ambiente","tag-murgia","tag-scorie-nucleari"],"acf":[],"_links":{"self":[{"href":"https:\/\/www.diocesimolfetta.it\/luceevita\/wp-json\/wp\/v2\/posts\/8869","targetHints":{"allow":["GET"]}}],"collection":[{"href":"https:\/\/www.diocesimolfetta.it\/luceevita\/wp-json\/wp\/v2\/posts"}],"about":[{"href":"https:\/\/www.diocesimolfetta.it\/luceevita\/wp-json\/wp\/v2\/types\/post"}],"author":[{"embeddable":true,"href":"https:\/\/www.diocesimolfetta.it\/luceevita\/wp-json\/wp\/v2\/users\/3"}],"replies":[{"embeddable":true,"href":"https:\/\/www.diocesimolfetta.it\/luceevita\/wp-json\/wp\/v2\/comments?post=8869"}],"version-history":[{"count":1,"href":"https:\/\/www.diocesimolfetta.it\/luceevita\/wp-json\/wp\/v2\/posts\/8869\/revisions"}],"predecessor-version":[{"id":8871,"href":"https:\/\/www.diocesimolfetta.it\/luceevita\/wp-json\/wp\/v2\/posts\/8869\/revisions\/8871"}],"wp:featuredmedia":[{"embeddable":true,"href":"https:\/\/www.diocesimolfetta.it\/luceevita\/wp-json\/wp\/v2\/media\/8870"}],"wp:attachment":[{"href":"https:\/\/www.diocesimolfetta.it\/luceevita\/wp-json\/wp\/v2\/media?parent=8869"}],"wp:term":[{"taxonomy":"category","embeddable":true,"href":"https:\/\/www.diocesimolfetta.it\/luceevita\/wp-json\/wp\/v2\/categories?post=8869"},{"taxonomy":"post_tag","embeddable":true,"href":"https:\/\/www.diocesimolfetta.it\/luceevita\/wp-json\/wp\/v2\/tags?post=8869"}],"curies":[{"name":"wp","href":"https:\/\/api.w.org\/{rel}","templated":true}]}}