{"id":9096,"date":"2021-01-29T14:32:56","date_gmt":"2021-01-29T13:32:56","guid":{"rendered":"http:\/\/www.diocesimolfetta.it\/luceevita\/?p=9096"},"modified":"2021-02-05T17:00:51","modified_gmt":"2021-02-05T16:00:51","slug":"antonella-un-vuoto-da-riempire-con-la-vita","status":"publish","type":"post","link":"https:\/\/www.diocesimolfetta.it\/luceevita\/antonella-un-vuoto-da-riempire-con-la-vita\/","title":{"rendered":"Antonella, un vuoto da riempire con la vita"},"content":{"rendered":"<p><em>Una ragazza, vittima innocente dei social e del loro potere perverso. Pi\u00f9 che le nostre parole, i pensieri di un coetaneo che parla a lei e a ciascuno di noi<\/em><\/p>\n<p><img loading=\"lazy\" decoding=\"async\" class=\"aligncenter size-large wp-image-9097\" src=\"https:\/\/www.diocesimolfetta.it\/luceevita\/wp-content\/uploads\/sites\/2\/2021\/01\/lev5_ok-702x1024.jpg\" alt=\"lev 5 2021\" width=\"702\" height=\"1024\" \/><\/p>\n<p>Cara Antonella,<br \/>\nsi sta parlando molto di te in questi giorni. Ci sono articoli, servizi in tv e tutti raccontano di ci\u00f2 che ti \u00e8 successo. La polizia sta cercando di far luce su quanto accaduto, il tuo telefonino prima o poi verr\u00e0 sbloccato e si potranno avere delle risposte. Io per\u00f2 credo che quelle risposte non basteranno a nessuno. Quelle risposte diventeranno, anzi, nuovi interrogativi per chi, come i tuoi genitori, non riesce pi\u00f9 a darsi pace.<br \/>\nQuelle risposte genereranno nuovi dubbi e lasceranno tanta amarezza.<br \/>\nRipenso a quel mercoled\u00ec, avevi finito di fare i compiti, cos\u00ec ho letto. Ti immagino a cena con la tua famiglia, a parlare della giornata trascorsa, a ridere e magari anche a bisticciare un po\u2019. Ma mentre eri con loro, cos\u2019\u00e8 che in realt\u00e0 pensavi? A quella sfida, vero? Non vedevi l\u2019ora di dimostrare ai tuoi amici di potercela fare anche tu.<br \/>\nTi immagino emozionata, impaziente di realizzare e postare quel video. E come te, quanti altri! Probabilmente avrai visto moltissime persone uscire vive da quelle sfide con milioni di Like e avrai desiderato avere anche tu quel tipo di \u201csuccesso\u201d. Ho letto che ti divertiva molto ballare e cantare sui social, ma forse in quella sfida non sei riuscita a riconoscere un pericolo. Non hai voluto parlarne con nessuno, neanche con la tua splendida mamma. Oppure non hai saputo farlo.<br \/>\nTi capisco sai, a volte \u00e8 difficile parlare, aprirsi con i propri genitori; a me capita di scoprirli distanti anni luce dal mio modo di pensare. Forse non hai voluto dir nulla per paura di non essere capita o di non trovare la loro approvazione. Avrai temuto un rimprovero, o peggio che ti sequestrassero il telefono. Oppure c\u2019\u00e8 qualcuno che ti ha detto di non aprire bocca? Forse sei stata minacciata e costretta a fare quella terribile sfida.<br \/>\nSo che i tuoi organi aiuteranno altri bambini, continuerai a vivere attraverso loro e sar\u00e0 un miracolo. Ora per\u00f2 siamo noi a dover compiere un gesto per te: fare in modo che la tua vicenda lasci il segno. Che sia una cicatrice sui volti di tutti noi, una di quelle che ti fanno male e di cui non ti puoi dimenticare, perch\u00e8 ogni volta che ti guardi allo specchio, lei \u00e8 l\u00ec. E anche se non ti guardi, puoi sentirla sotto le mani.<br \/>\nAntonella, io la tua sfida non voglio perderla! No, non il Blackout challenge, quelle sono solo cose da vigliacchi, da gente annoiata che non sa che fare.<br \/>\nIo parlo di un\u2019altra sfida. La sfida di far trionfare la vita, quella di non farsi plagiare da gentaglia. S\u00ec, Antonella, sei stata un tuono, hai richiamato l\u2019attenzione di tutti. L\u2019ho capito sai, lo stai gridando a tutto il mondo e adesso ti sentiamo: stateci vicino! Stateci vicino mamma e pap\u00e0, nonni, amici e parenti. Perch\u00e8 forse noi non sappiamo pi\u00f9 comunicare e cerchiamo scorciatoie.<br \/>\nGrazie Antonella, per aver gridato per noi. Non lo dimenticher\u00f2 mai e cercher\u00f2 di dare eco a questo tuo gesto disperato, nascosto dal tuo meraviglioso sorriso. \u00c8 vero, hai lasciato un terribile vuoto, ma adesso noi ragazzi, te lo dobbiamo, lo colmeremo con la vita.<\/p>\n<p>Paolo Vasco, 1^media<br \/>\nLuce e Vita Ragazzi<\/p>\n","protected":false},"excerpt":{"rendered":"<p>Una ragazza, vittima innocente dei social e del loro potere perverso. Pi\u00f9 che le nostre parole, i pensieri di un coetaneo<br \/>\nche parla a lei e a ciascuno di noi<\/p>\n","protected":false},"author":3,"featured_media":9097,"comment_status":"closed","ping_status":"closed","sticky":false,"template":"","format":"standard","meta":{"footnotes":""},"categories":[459,13,20,4],"tags":[1429,1431,506,283,1430],"class_list":["post-9096","post","type-post","status-publish","format-standard","has-post-thumbnail","hentry","category-attualita","category-editoriali","category-levraga","category-news","tag-antonella","tag-challenge","tag-digitale","tag-luce-e-vita-ragazzi","tag-tik-tok"],"acf":[],"_links":{"self":[{"href":"https:\/\/www.diocesimolfetta.it\/luceevita\/wp-json\/wp\/v2\/posts\/9096","targetHints":{"allow":["GET"]}}],"collection":[{"href":"https:\/\/www.diocesimolfetta.it\/luceevita\/wp-json\/wp\/v2\/posts"}],"about":[{"href":"https:\/\/www.diocesimolfetta.it\/luceevita\/wp-json\/wp\/v2\/types\/post"}],"author":[{"embeddable":true,"href":"https:\/\/www.diocesimolfetta.it\/luceevita\/wp-json\/wp\/v2\/users\/3"}],"replies":[{"embeddable":true,"href":"https:\/\/www.diocesimolfetta.it\/luceevita\/wp-json\/wp\/v2\/comments?post=9096"}],"version-history":[{"count":1,"href":"https:\/\/www.diocesimolfetta.it\/luceevita\/wp-json\/wp\/v2\/posts\/9096\/revisions"}],"predecessor-version":[{"id":9098,"href":"https:\/\/www.diocesimolfetta.it\/luceevita\/wp-json\/wp\/v2\/posts\/9096\/revisions\/9098"}],"wp:featuredmedia":[{"embeddable":true,"href":"https:\/\/www.diocesimolfetta.it\/luceevita\/wp-json\/wp\/v2\/media\/9097"}],"wp:attachment":[{"href":"https:\/\/www.diocesimolfetta.it\/luceevita\/wp-json\/wp\/v2\/media?parent=9096"}],"wp:term":[{"taxonomy":"category","embeddable":true,"href":"https:\/\/www.diocesimolfetta.it\/luceevita\/wp-json\/wp\/v2\/categories?post=9096"},{"taxonomy":"post_tag","embeddable":true,"href":"https:\/\/www.diocesimolfetta.it\/luceevita\/wp-json\/wp\/v2\/tags?post=9096"}],"curies":[{"name":"wp","href":"https:\/\/api.w.org\/{rel}","templated":true}]}}