{"id":9477,"date":"2021-03-03T23:59:13","date_gmt":"2021-03-03T22:59:13","guid":{"rendered":"http:\/\/www.diocesimolfetta.it\/luceevita\/?p=9477"},"modified":"2021-03-04T08:03:36","modified_gmt":"2021-03-04T07:03:36","slug":"incontro-di-sensibilizzazione-sulla-rotta-balcanica-unemergenza-umani","status":"publish","type":"post","link":"https:\/\/www.diocesimolfetta.it\/luceevita\/incontro-di-sensibilizzazione-sulla-rotta-balcanica-unemergenza-umani\/","title":{"rendered":"Incontro di sensibilizzazione sulla \u201crotta balcanica\u201d: un\u2019emergenza umanitaria"},"content":{"rendered":"<p><img loading=\"lazy\" decoding=\"async\" class=\"size-medium wp-image-9483 alignright\" src=\"https:\/\/www.diocesimolfetta.it\/luceevita\/wp-content\/uploads\/sites\/2\/2021\/03\/rotta-212x300.jpg\" alt=\"Rotta balcanica\" width=\"212\" height=\"300\" srcset=\"https:\/\/www.diocesimolfetta.it\/luceevita\/wp-content\/uploads\/sites\/2\/2021\/03\/rotta-212x300.jpg 212w, https:\/\/www.diocesimolfetta.it\/luceevita\/wp-content\/uploads\/sites\/2\/2021\/03\/rotta-723x1024.jpg 723w, https:\/\/www.diocesimolfetta.it\/luceevita\/wp-content\/uploads\/sites\/2\/2021\/03\/rotta-768x1088.jpg 768w, https:\/\/www.diocesimolfetta.it\/luceevita\/wp-content\/uploads\/sites\/2\/2021\/03\/rotta-198x280.jpg 198w, https:\/\/www.diocesimolfetta.it\/luceevita\/wp-content\/uploads\/sites\/2\/2021\/03\/rotta-542x768.jpg 542w, https:\/\/www.diocesimolfetta.it\/luceevita\/wp-content\/uploads\/sites\/2\/2021\/03\/rotta-1084x1536.jpg 1084w, https:\/\/www.diocesimolfetta.it\/luceevita\/wp-content\/uploads\/sites\/2\/2021\/03\/rotta-800x1134.jpg 800w, https:\/\/www.diocesimolfetta.it\/luceevita\/wp-content\/uploads\/sites\/2\/2021\/03\/rotta.jpg 1129w\" sizes=\"auto, (max-width: 212px) 100vw, 212px\" \/><\/p>\n<p>Il 6 marzo 2021 si terr\u00e0 un incontro in diretta streaming promosso dai <em>Punti Pace<\/em> di <em>Pax Christi<\/em> di Corato e Bisceglie, <em>Rete Attiva<\/em> e dall\u2019associazione <em>Lungo la rotta balcanica<\/em>, in merito alla sensibilizzazione e alla conoscenza di una questione tanto delicata quanto poco conosciuta: i flussi migratori lungo la cosiddetta \u201crotta balcanica\u201d.<\/p>\n<p>Da anni i giacigli di fortuna danno riparo ai dannati del \u201cgame\u201d, ovvero i migranti che cercano di attraversare i confini dei Paesi balcanici per cercare, a costo della vita, di entrare in territorio Ue, vera meta finale, percorrendo sentieri impervi, evitando fili spinati, barriere, telecamere termiche, droni, polizia, manganelli e forze armate.<\/p>\n<p>In una fascia di confine tra Bosnia e Croazia \u00a0migliaia di famiglie con bambini, a causa dei respingimenti, sono poi costrette a percorrere chilometri a ritroso tra i boschi e accamparsi nella foresta, o se va meglio negli edifici abbandonati dopo la Guerra dell\u2019ex Jugoslavia.<\/p>\n<p>L\u2019emergenza umanitaria peggiora ulteriormente soprattutto nel periodo invernale, in quanto i migranti e i richiedenti asilo vengono sottoposti alle rigide temperature.<\/p>\n<p>Introdurr\u00e0 la prof.ssa Angela Paganelli (<em>Pax Christi Corato<\/em>), moderer\u00e0 il prof. Giovanni Capurso (docente di Filosofia e Storia), interverranno Diego Saccora (operatore sociale e vice presidente ass.ne <em>Lungo la rotta balcanica<\/em>) e Anna Clementi\u00a0 (arabista e presidente ass.ne <em>Lungo la rotta Balcanica<\/em>) e concluder\u00e0 don Renato Sacco (coord. naz. <em>Pax Christi<\/em>).<\/p>\n<p><strong>L\u2019associazione:<\/strong><\/p>\n<p><strong>\u00a0<\/strong><em>Lungo la rotta balcanica<\/em> \u2013 <em>Along the Balkan Route<\/em> &#8211; \u00e8 un\u2019associazione che\u00a0ha come obiettivi primari la sensibilizzazione, l\u2019informazione e la promozione di azioni su campo nei Paesi lungo la\u00a0<a href=\"https:\/\/lungolarottabalcanica.wordpress.com\/la-rotta-balcanica\/\">rotta balcanica<\/a>\u00a0e in Italia.<\/p>\n<p>L\u2019idea nasce nel settembre 2015 a seguito dell\u2019apertura di questa via d\u2019accesso da parte dell\u2019Unione Europea e dell\u2019afflusso in Europa di centinaia di migliaia di persone attraverso un corridoio legalizzato dalla Grecia all\u2019Austria.<\/p>\n<p>Nel 2016, dopo numerosi viaggi compiuti lungo la rotta balcanica, dall\u2019apertura a settembre 2015 e anche dopo la chiusura avvenuta a marzo 2016, \u00e8 stato pubblicato\u00a0<a href=\"https:\/\/lungolarottabalcanica.wordpress.com\/il-libro\/\">il libro<\/a>\u00a0\u201c<em>Lungo la rotta balcanica: Viaggio nella Storia dell\u2019Umanit\u00e0 del nostro tempo<\/em>\u201d edito da\u00a0<strong><em>Infinito Edizioni<\/em><\/strong>\u00a0per dare voce ai vissuti di donne, uomini e bambini, bloccati tra Grecia, Macedonia, Serbia e Croazia nel fango dei campi profughi e incatenati dalla burocrazia.<\/p>\n<p>Di fronte alle politiche migratorie sempre pi\u00f9 restrittive attuate nell\u2019est Europa, alle grandi reti di solidariet\u00e0 di sostegno ai migranti e al silenzio assordante dei media italiani su questi temi, si sono resi conto che documentare e monitorare i cambiamenti silenziosi di questa rotta \u00e8 di fondamentale importanza per chi ogni giorno lavora nei centri di accoglienza italiani, per chi si impegna attivamente come cittadino nel proprio territorio, per chi si trova a convivere nella propria citt\u00e0 con persone che hanno vissuti e storie di vita che ci sembrano cos\u00ec difficili da immaginare.<\/p>\n<p>Per poter svolgere un lavoro di qualit\u00e0 e per meglio comprendere natura e dinamiche di questi fenomeni, i membri dell\u2019associazione hanno deciso di vivere in questi luoghi, stando sul campo in maniera continuativa ed entrando a stretto contatto con le realt\u00e0 che intendono analizzare. Pi\u00f9 esattamente, da maggio 2018, si sono trasferiti rispettivamente in Bosnia e in Grecia per svolgere attivit\u00e0 di ricerca, monitoraggio, redazione di articoli ma soprattutto per impegnarsi in prima persona nelle attivit\u00e0 di sostegno ai migranti attraverso un lavoro sociale e umano nelle rispettive realt\u00e0. Particolare attenzione viene data alle storie delle persone in movimento e di chi si impegna ogni giorno nelle reti informali di solidariet\u00e0. Scopo del progetto \u00e8 quello di addentrarsi nelle dinamiche di queste realt\u00e0, dandosi il tempo di vivere i luoghi e riacquistando quella orizzontalit\u00e0 perduta nei rapporti con le persone e con gli spazi.<\/p>\n<p><strong>I relatori: <\/strong><\/p>\n<p><strong>Anna Clementi<\/strong>\u00a0\u00e8 presidente dell\u2019Associazione \u201cLungo la Rotta Balcanica \u2013 Along the Balkan Route\u201d. Ha lavorato come\u00a0operatrice legale e mediatrice culturale presso il Sistema di Protezione per Richiedenti Asilo e Rifugiati di Venezia. Arabista, ha lavorato per alcuni anni tra Siria e Palestina. Tra il 2018 e il 2019 ha vissuto ad Atene, dove ha svolto attivit\u00e0 di sostegno e di supporto ai migranti bloccati nel Paese.<\/p>\n<p><strong>Diego Saccora<\/strong>\u00a0\u00e8 vice-presidente dell\u2019Associazione \u201cLungo la Rotta Balcanica \u2013 Along the Balkan Route\u201d. Ha lavorato come operatore sociale nell\u2019ambito dei minori stranieri non accompagnati e richiedenti asilo e minori in misura cautelare e protezione sociale. Gi\u00e0 presidente dell\u2019APS ComuniCare e attivo con progetti rivolti all\u2019autonomia e l\u2019inclusione sociale dei neo-maggiorenni e richiedenti protezione internazionale oltre al sostegno di iniziative a favore dei giovani in Bosnia-Erzegovina con l\u2019Associazione Buongiorno Bosnia, Dobardan Venecija. Tra il 2018 e il 2019 ha vissuto in Bosnia Erzegovina, tra Sarajevo e le due citt\u00e0 di confine con la Croazia, Bihac e Velika Kladusa, dove ha collaborato con organizzazioni e associazioni internazionali, oltre ad altri volontari indipendenti.<\/p>\n<p><strong>Diretta streaming: <\/strong><\/p>\n<p>https:\/\/www.facebook.com\/PaxChristiIT<\/p>\n","protected":false},"excerpt":{"rendered":"<p>Il 6 marzo 2021 si terr\u00e0 un incontro in diretta streaming promosso dai Punti Pace di Pax Christi di Corato e Bisceglie, Rete Attiva e dall\u2019associazione Lungo la rotta balcanica, in merito alla sensibilizzazione e alla conoscenza di una questione tanto delicata quanto poco conosciuta: i flussi migratori lungo la cosiddetta \u201crotta balcanica\u201d.<\/p>\n","protected":false},"author":3,"featured_media":9483,"comment_status":"closed","ping_status":"closed","sticky":false,"template":"","format":"standard","meta":{"footnotes":""},"categories":[459,4],"tags":[578,1484],"class_list":["post-9477","post","type-post","status-publish","format-standard","has-post-thumbnail","hentry","category-attualita","category-news","tag-pax-christi","tag-rotte-balcaniche"],"acf":[],"_links":{"self":[{"href":"https:\/\/www.diocesimolfetta.it\/luceevita\/wp-json\/wp\/v2\/posts\/9477","targetHints":{"allow":["GET"]}}],"collection":[{"href":"https:\/\/www.diocesimolfetta.it\/luceevita\/wp-json\/wp\/v2\/posts"}],"about":[{"href":"https:\/\/www.diocesimolfetta.it\/luceevita\/wp-json\/wp\/v2\/types\/post"}],"author":[{"embeddable":true,"href":"https:\/\/www.diocesimolfetta.it\/luceevita\/wp-json\/wp\/v2\/users\/3"}],"replies":[{"embeddable":true,"href":"https:\/\/www.diocesimolfetta.it\/luceevita\/wp-json\/wp\/v2\/comments?post=9477"}],"version-history":[{"count":3,"href":"https:\/\/www.diocesimolfetta.it\/luceevita\/wp-json\/wp\/v2\/posts\/9477\/revisions"}],"predecessor-version":[{"id":9484,"href":"https:\/\/www.diocesimolfetta.it\/luceevita\/wp-json\/wp\/v2\/posts\/9477\/revisions\/9484"}],"wp:featuredmedia":[{"embeddable":true,"href":"https:\/\/www.diocesimolfetta.it\/luceevita\/wp-json\/wp\/v2\/media\/9483"}],"wp:attachment":[{"href":"https:\/\/www.diocesimolfetta.it\/luceevita\/wp-json\/wp\/v2\/media?parent=9477"}],"wp:term":[{"taxonomy":"category","embeddable":true,"href":"https:\/\/www.diocesimolfetta.it\/luceevita\/wp-json\/wp\/v2\/categories?post=9477"},{"taxonomy":"post_tag","embeddable":true,"href":"https:\/\/www.diocesimolfetta.it\/luceevita\/wp-json\/wp\/v2\/tags?post=9477"}],"curies":[{"name":"wp","href":"https:\/\/api.w.org\/{rel}","templated":true}]}}