{"id":9514,"date":"2021-03-04T20:14:14","date_gmt":"2021-03-04T19:14:14","guid":{"rendered":"http:\/\/www.diocesimolfetta.it\/luceevita\/?p=9514"},"modified":"2021-03-04T20:36:29","modified_gmt":"2021-03-04T19:36:29","slug":"comunicato-di-pax-christi-international-in-vista-della-visita-di-papa-francesco-in-iraq","status":"publish","type":"post","link":"https:\/\/www.diocesimolfetta.it\/luceevita\/comunicato-di-pax-christi-international-in-vista-della-visita-di-papa-francesco-in-iraq\/","title":{"rendered":"Comunicato di Pax Christi International in vista della visita di papa Francesco in Iraq"},"content":{"rendered":"<p><img loading=\"lazy\" decoding=\"async\" class=\"size-medium wp-image-9515 alignright\" src=\"https:\/\/www.diocesimolfetta.it\/luceevita\/wp-content\/uploads\/sites\/2\/2021\/03\/Iraq-Pax-C.-Kirkuk-sett-2009-768x576-1-300x225.jpg\" alt=\"Pax christi\" width=\"300\" height=\"225\" srcset=\"https:\/\/www.diocesimolfetta.it\/luceevita\/wp-content\/uploads\/sites\/2\/2021\/03\/Iraq-Pax-C.-Kirkuk-sett-2009-768x576-1-300x225.jpg 300w, https:\/\/www.diocesimolfetta.it\/luceevita\/wp-content\/uploads\/sites\/2\/2021\/03\/Iraq-Pax-C.-Kirkuk-sett-2009-768x576-1-360x270.jpg 360w, https:\/\/www.diocesimolfetta.it\/luceevita\/wp-content\/uploads\/sites\/2\/2021\/03\/Iraq-Pax-C.-Kirkuk-sett-2009-768x576-1.jpg 768w\" sizes=\"auto, (max-width: 300px) 100vw, 300px\" \/>3 marzo 2021 \u2013 Con grande gioia e trepidazione, Pax Christi International attende l\u2019avvio della visita di papa Francesco in Iraq, che si svolger\u00e0 dal 5 all\u20198 marzo 2021 a Ur dei Caldei, nella terra di Abramo. Al papa \u00e8 affidato un messaggio di speranza, di dialogo e di pace radicato nei valori espressi con la sua ultima enciclica Fratelli Tutti.<\/p>\n<p>La terra che il Papa si trover\u00e0 a visitare \u00e8 una terra travolta dalla violenza distruttiva dell\u2019ISIS e da molteplici guerre frutto degli interessi egoistici delle potenze straniere. In Iraq si stanno inoltre aggravando le divisioni su basi etniche e religiose a causa di spinte che alimentano odio e devastazione. \u00a0In tale contesto, soltanto il dialogo e la perseveranza nella ricerca di una verit\u00e0 condivisa possono rappresentare un\u2019alternativa alla guerra, alla violenza e al fondamentalismo cause quest\u2019ultime di devastazioni tra le comunit\u00e0 e tra le genti i che abitano quella regione. In quanto culla della civilt\u00e0, l\u2019Iraq possiede una grande ricchezza di diversit\u00e0 etnica, culturale e religiosa che risale a migliaia di anni fa e che ha il diritto di vivere in pace.<\/p>\n<p>In tal senso, come Pax Christi Internazionale vogliamo esprimere la rinnovata speranza che il prossimo incontro di papa Francesco con i leader di altre tradizioni e religioni a Ur dei Caldei sia fecondo nell\u2019ottica di una riscoperta delle comuni radici della nostra fede. Soltanto il sentirsi parte di una radice comune infatti, potr\u00e0 offrire a ciascuna comunit\u00e0 le condizioni necessarie per un futuro di pace e riconciliazione.<\/p>\n<p>Da molti anni, Pax Christi Internazional e molti dei suoi membri portano avanti stretti legami di amicizia e solidariet\u00e0 con l\u2019Iraq \u00a0e numerose sono state le visite in quella terra e le campagne di solidariet\u00e0 verso il suo popolo. Nel 2009 ad esempio Sua Eminenza Louis Rapha\u00ebl Sako, Patriarca di Babilonia dei Caldei e capo della Chiesa cattolica caldea, ha accolto una delegazione di Pax Christi Internazional in Iraq composta tra gli altri dal vescovo emerito Marc Stenger (Copresidente di Pax Christi International) e da Marie Dennis (ex Copresidente) che col loro sguardo sono stati testimoni duretti del coraggio dei molti che in quella terra ferita promuovono il dialogo, la riconciliazione e la nonviolenza.<\/p>\n<p>Nel bel mezzo della pandemia mondiale COVID-19 e in un contesto di sicurezza estremamente fragile, la visita di Papa Francesco in Iraq \u00e8 gi\u00e0 di per s\u00e9 un potente segno di nonviolenza. Essa sii oppone infatti radicalmente alla cultura delle armi e della violenza e porta in primo piano tutti coloro che, tra gli iracheni di tutte fedi, si impegnano senza sosta per la pace.<\/p>\n<p>Il viaggio di papa Francesco riporta inoltre all\u2019attenzione del mondo la lunga lista di violenze e guerre che hanno colpito le comunit\u00e0 in Iraq, provocando morti e migliaia di profughi. Ed inoltre le sanzioni economiche che alla lunga hanno finito col danneggiare soprattutto le persone comuni, le bombe arricchite con l\u2019uranio impoverito e il fosforo bianco, la devastazione ambientale, la distruzione delle infrastrutture, le tante uccisioni e i tanti rapimenti da parte dell\u2019ISIS che hanno reso e rendono ancora oggi le donne vittime di schiavit\u00f9 e violenze sessuali come apprendiamo anche dalla testimonianza del premio Nobel per la pace Nadia Murad, \u00a0proveniente della minoranza yazida.<\/p>\n<p>Ci auguriamo che il viaggio di papa Francesco rappresenter\u00e0 una vera svolta nell\u2019impegno per la pace cos\u00ec come una decisa denuncia della guerra (\u201cun\u2019avventura senza ritorno\u201d nelle parole profetiche di san Giovanni Paolo II) e un rafforzamento del ruolo della Chiesa come costruttrice di ponti.<\/p>\n<p>Invitiamo tutti gli aderenti di Pax Christi International ad accompagnare papa Francesco con le proprie preghiere per il martoriato popolo iracheno affinch\u00e9 trovi la via della riconciliazione, della pace e della stabilit\u00e0. Pensiamo alle minoranze soprattutto e, in particolare alla minoranza cristiana, che continuano a essere esposte a pesanti minacce.<\/p>\n<p>Pax Christi International \u00e8 solidale con tutte le comunit\u00e0 di fede e con tutti gli attivisti per la pace che sostengono in maniera nonviolenta la democratizzazione e lo stato di diritto e che difendono i diritti di tutti.<\/p>\n<p>\u201cNel deserto prender\u00e0 dimora il diritto e la giustizia regner\u00e0 nel giardino. Effetto della giustizia sar\u00e0 la pace, frutto del diritto una perenne sicurezza.\u201d (Isaia 32: 16-17)<\/p>\n","protected":false},"excerpt":{"rendered":"<p>Pax Christi International \u00e8 solidale con tutte le comunit\u00e0 di fede e con tutti gli attivisti per la pace che sostengono in maniera nonviolenta la democratizzazione e lo stato di diritto e che difendono i diritti di tutti.<\/p>\n","protected":false},"author":3,"featured_media":9515,"comment_status":"closed","ping_status":"closed","sticky":false,"template":"","format":"standard","meta":{"footnotes":""},"categories":[459,4,271],"tags":[578,1488],"class_list":["post-9514","post","type-post","status-publish","format-standard","has-post-thumbnail","hentry","category-attualita","category-news","category-santo-padre","tag-pax-christi","tag-viaggio-iraq"],"acf":[],"_links":{"self":[{"href":"https:\/\/www.diocesimolfetta.it\/luceevita\/wp-json\/wp\/v2\/posts\/9514","targetHints":{"allow":["GET"]}}],"collection":[{"href":"https:\/\/www.diocesimolfetta.it\/luceevita\/wp-json\/wp\/v2\/posts"}],"about":[{"href":"https:\/\/www.diocesimolfetta.it\/luceevita\/wp-json\/wp\/v2\/types\/post"}],"author":[{"embeddable":true,"href":"https:\/\/www.diocesimolfetta.it\/luceevita\/wp-json\/wp\/v2\/users\/3"}],"replies":[{"embeddable":true,"href":"https:\/\/www.diocesimolfetta.it\/luceevita\/wp-json\/wp\/v2\/comments?post=9514"}],"version-history":[{"count":1,"href":"https:\/\/www.diocesimolfetta.it\/luceevita\/wp-json\/wp\/v2\/posts\/9514\/revisions"}],"predecessor-version":[{"id":9517,"href":"https:\/\/www.diocesimolfetta.it\/luceevita\/wp-json\/wp\/v2\/posts\/9514\/revisions\/9517"}],"wp:featuredmedia":[{"embeddable":true,"href":"https:\/\/www.diocesimolfetta.it\/luceevita\/wp-json\/wp\/v2\/media\/9515"}],"wp:attachment":[{"href":"https:\/\/www.diocesimolfetta.it\/luceevita\/wp-json\/wp\/v2\/media?parent=9514"}],"wp:term":[{"taxonomy":"category","embeddable":true,"href":"https:\/\/www.diocesimolfetta.it\/luceevita\/wp-json\/wp\/v2\/categories?post=9514"},{"taxonomy":"post_tag","embeddable":true,"href":"https:\/\/www.diocesimolfetta.it\/luceevita\/wp-json\/wp\/v2\/tags?post=9514"}],"curies":[{"name":"wp","href":"https:\/\/api.w.org\/{rel}","templated":true}]}}