{"id":1772,"date":"2018-03-26T00:32:29","date_gmt":"2018-03-25T22:32:29","guid":{"rendered":"http:\/\/www.diocesimolfetta.it\/pastoralegiovanile\/?p=1772"},"modified":"2018-04-02T22:19:34","modified_gmt":"2018-04-02T20:19:34","slug":"ti-portero-dove-non-sei-stato-mai","status":"publish","type":"post","link":"https:\/\/www.diocesimolfetta.it\/pastoralegiovanile\/ti-portero-dove-non-sei-stato-mai\/","title":{"rendered":"Ti porter\u00f2 dove non sei stato mai!"},"content":{"rendered":"<p>Carissimi,<\/p>\n<p>da luned\u00ec 26 marzo sono aperte le iscrizioni alle proposte dei cammini estivi per i giovani, cos\u00ec come <a href=\"http:\/\/www.diocesimolfetta.it\/pastoralegiovanile\/2018\/03\/09\/verso-il-sinodo-proposte-estive-della-pg\/\" target=\"_blank\" rel=\"noopener\">presentate lo scorso 9 marzo.<\/a><\/p>\n<p>Vi ricordo che per il pacchetto completo &#8220;<em><strong>per mille strade<\/strong><\/em>&#8221; (<strong><em>6 &#8211; 12 agosto<\/em><\/strong>) i\u00a0posti disponibili sono massimo 70 e le iscrizioni si chiudono al completamento della disponibilit\u00e0 dei posti. Mentre il secondo pacchetto del solo weekend a Roma &#8220;<em><strong>siamo qui<\/strong><\/em>&#8221; (<strong><em>11 e 12 agosto<\/em><\/strong>) si realizza col Bus solo se il numero dei partecipanti \u00e8 superiore a 45 iscritti. In caso contrario questo ufficio diocesano provveder\u00e0 solo all\u2019iscrizione a Roma e i trasferimenti saranno a carico dei partecipanti.<\/p>\n<p><em><strong>L&#8217;iscrizione avviene solo online<\/strong><\/em>, compilando il form di google, al <strong><em><a href=\"https:\/\/docs.google.com\/forms\/d\/e\/1FAIpQLSfTlaIqmnOrcSY2mQwRtn4bwrkO02PRdeQY3C7E1zLAJxJ3MQ\/viewform?usp=sf_link\" target=\"_blank\" rel=\"noopener\">seguente link<\/a><\/em><\/strong><\/p>\n<p><a href=\"http:\/\/www.diocesimolfetta.it\/pastoralegiovanile\/2018\/03\/09\/verso-il-sinodo-proposte-estive-della-pg\/\" target=\"_blank\" rel=\"noopener\"><em><strong>Clicca qui per conoscere tutti i dettagli dell&#8217;iniziativa<\/strong><\/em><\/a><\/p>\n<h5><strong>ISTRUZIONI PER L&#8217;ISCRIZIONE<\/strong><\/h5>\n<p>I partecipanti devono avere tra i 16 e 35 anni.<\/p>\n<div id=\"attachment_1773\" style=\"width: 310px\" class=\"wp-caption alignright\"><img loading=\"lazy\" decoding=\"async\" aria-describedby=\"caption-attachment-1773\" class=\"wp-image-1773 size-medium\" src=\"https:\/\/www.diocesimolfetta.it\/pastoralegiovanile\/wp-content\/uploads\/sites\/3\/2018\/03\/ti-porter\u00f2-e1522014549960-300x184.png\" alt=\"cammini agosto\" width=\"300\" height=\"184\" srcset=\"https:\/\/www.diocesimolfetta.it\/pastoralegiovanile\/wp-content\/uploads\/sites\/3\/2018\/03\/ti-porter\u00f2-e1522014549960-300x184.png 300w, https:\/\/www.diocesimolfetta.it\/pastoralegiovanile\/wp-content\/uploads\/sites\/3\/2018\/03\/ti-porter\u00f2-e1522014549960-768x472.png 768w, https:\/\/www.diocesimolfetta.it\/pastoralegiovanile\/wp-content\/uploads\/sites\/3\/2018\/03\/ti-porter\u00f2-e1522014549960-1024x630.png 1024w, https:\/\/www.diocesimolfetta.it\/pastoralegiovanile\/wp-content\/uploads\/sites\/3\/2018\/03\/ti-porter\u00f2-e1522014549960-360x221.png 360w, https:\/\/www.diocesimolfetta.it\/pastoralegiovanile\/wp-content\/uploads\/sites\/3\/2018\/03\/ti-porter\u00f2-e1522014549960-800x492.png 800w, https:\/\/www.diocesimolfetta.it\/pastoralegiovanile\/wp-content\/uploads\/sites\/3\/2018\/03\/ti-porter\u00f2-e1522014549960.png 1179w\" sizes=\"auto, (max-width: 300px) 100vw, 300px\" \/><p id=\"caption-attachment-1773\" class=\"wp-caption-text\">Particolare<\/p><\/div>\n<p>Nb: In caso di persona con et\u00e0 superiore ai 35 anni, \u00e8 necessario specificare se la partecipazione \u00e8 legata ad un ruolo parrocchiale (animatore o educatore del gruppo iscritto, capo scout, responsabile di settore, accompagnatore o semplice partecipante). Nell&#8217;ultimo caso, come anche <em><strong>per tutti i minorenni<\/strong><\/em>, questo Servizio diocesano si riserver\u00e0 la possibilit\u00e0 di accettare o rifiutare l&#8217;iscrizione.<\/p>\n<p>Al termine della procedura, l&#8217;iscrizione sar\u00e0 ritenuta chiusa solo col versamento del primo acconto all&#8217;incaricato diocesano, don Massimiliano Fasciano.<\/p>\n<p>Far\u00e0 fede la data del pagamento.<\/p>\n<p>Scarica in basso la Locandina dei cammini e la Brochure<\/p>\n<h6 style=\"text-align: right;\"><em>Molfetta, 26 marzo 2018<\/em><\/h6>\n<h6 style=\"text-align: right;\"><em>L<\/em><em>\u2019incaricato diocesano per la Pastorale Giovanile<\/em><\/h6>\n<h6 style=\"text-align: right;\"><em>don Massimiliano Fasciano<\/em><\/h6>\n<p>&nbsp;<\/p>\n","protected":false},"excerpt":{"rendered":"<p>Carissimi, da luned\u00ec 26 marzo sono aperte le iscrizioni alle proposte dei cammini estivi per i giovani, cos\u00ec come presentate &hellip; <a href=\"https:\/\/www.diocesimolfetta.it\/pastoralegiovanile\/ti-portero-dove-non-sei-stato-mai\/\" class=\"more-link\">+LEGGI TUTTO<span class=\"screen-reader-text\">Ti porter\u00f2 dove non sei stato mai!<\/span> <span class=\"meta-nav\">&raquo;<\/span><\/a><\/p>\n","protected":false},"author":5,"featured_media":1773,"comment_status":"open","ping_status":"open","sticky":true,"template":"","format":"standard","meta":{"footnotes":""},"categories":[11,8,3,10],"tags":[30,47,48,38,50,15,49,13,51],"class_list":["post-1772","post","type-post","status-publish","format-standard","has-post-thumbnail","hentry","category-documenti","category-news","category-servizio-per-la-pastorale-giovanile","category-verso-il-sinodo-dei-giovani-ottobre-2018","tag-calendario-pastorale","tag-cammino-giovani","tag-castelli-romani","tag-pastorale-giovani","tag-per-mille-strade","tag-pgmolfetta","tag-siamo-qui","tag-sinodo-2018","tag-sulla-tua-via"],"acf":[],"_links":{"self":[{"href":"https:\/\/www.diocesimolfetta.it\/pastoralegiovanile\/wp-json\/wp\/v2\/posts\/1772","targetHints":{"allow":["GET"]}}],"collection":[{"href":"https:\/\/www.diocesimolfetta.it\/pastoralegiovanile\/wp-json\/wp\/v2\/posts"}],"about":[{"href":"https:\/\/www.diocesimolfetta.it\/pastoralegiovanile\/wp-json\/wp\/v2\/types\/post"}],"author":[{"embeddable":true,"href":"https:\/\/www.diocesimolfetta.it\/pastoralegiovanile\/wp-json\/wp\/v2\/users\/5"}],"replies":[{"embeddable":true,"href":"https:\/\/www.diocesimolfetta.it\/pastoralegiovanile\/wp-json\/wp\/v2\/comments?post=1772"}],"version-history":[{"count":3,"href":"https:\/\/www.diocesimolfetta.it\/pastoralegiovanile\/wp-json\/wp\/v2\/posts\/1772\/revisions"}],"predecessor-version":[{"id":1822,"href":"https:\/\/www.diocesimolfetta.it\/pastoralegiovanile\/wp-json\/wp\/v2\/posts\/1772\/revisions\/1822"}],"wp:featuredmedia":[{"embeddable":true,"href":"https:\/\/www.diocesimolfetta.it\/pastoralegiovanile\/wp-json\/wp\/v2\/media\/1773"}],"wp:attachment":[{"href":"https:\/\/www.diocesimolfetta.it\/pastoralegiovanile\/wp-json\/wp\/v2\/media?parent=1772"}],"wp:term":[{"taxonomy":"category","embeddable":true,"href":"https:\/\/www.diocesimolfetta.it\/pastoralegiovanile\/wp-json\/wp\/v2\/categories?post=1772"},{"taxonomy":"post_tag","embeddable":true,"href":"https:\/\/www.diocesimolfetta.it\/pastoralegiovanile\/wp-json\/wp\/v2\/tags?post=1772"}],"curies":[{"name":"wp","href":"https:\/\/api.w.org\/{rel}","templated":true}]}}