{"id":1979,"date":"2019-08-31T07:43:42","date_gmt":"2019-08-31T05:43:42","guid":{"rendered":"http:\/\/www.diocesimolfetta.it\/pastoralegiovanile\/?p=1979"},"modified":"2019-09-03T08:15:01","modified_gmt":"2019-09-03T06:15:01","slug":"molfetta-happening-oratori","status":"publish","type":"post","link":"https:\/\/www.diocesimolfetta.it\/pastoralegiovanile\/molfetta-happening-oratori\/","title":{"rendered":"A Molfetta il terzo happening nazionale degli oratori"},"content":{"rendered":"<div id=\"attachment_1981\" style=\"width: 735px\" class=\"wp-caption aligncenter\"><img loading=\"lazy\" decoding=\"async\" aria-describedby=\"caption-attachment-1981\" class=\"size-large wp-image-1981\" src=\"https:\/\/www.diocesimolfetta.it\/pastoralegiovanile\/wp-content\/uploads\/sites\/3\/2019\/08\/Manifesto-Programma-725x1024.jpg\" alt=\"\" width=\"725\" height=\"1024\" srcset=\"https:\/\/www.diocesimolfetta.it\/pastoralegiovanile\/wp-content\/uploads\/sites\/3\/2019\/08\/Manifesto-Programma-725x1024.jpg 725w, https:\/\/www.diocesimolfetta.it\/pastoralegiovanile\/wp-content\/uploads\/sites\/3\/2019\/08\/Manifesto-Programma-212x300.jpg 212w, https:\/\/www.diocesimolfetta.it\/pastoralegiovanile\/wp-content\/uploads\/sites\/3\/2019\/08\/Manifesto-Programma-768x1085.jpg 768w, https:\/\/www.diocesimolfetta.it\/pastoralegiovanile\/wp-content\/uploads\/sites\/3\/2019\/08\/Manifesto-Programma-198x280.jpg 198w, https:\/\/www.diocesimolfetta.it\/pastoralegiovanile\/wp-content\/uploads\/sites\/3\/2019\/08\/Manifesto-Programma-543x768.jpg 543w, https:\/\/www.diocesimolfetta.it\/pastoralegiovanile\/wp-content\/uploads\/sites\/3\/2019\/08\/Manifesto-Programma-800x1131.jpg 800w, https:\/\/www.diocesimolfetta.it\/pastoralegiovanile\/wp-content\/uploads\/sites\/3\/2019\/08\/Manifesto-Programma.jpg 1123w\" sizes=\"auto, (max-width: 725px) 100vw, 725px\" \/><p id=\"caption-attachment-1981\" class=\"wp-caption-text\">Programma di H3O<\/p><\/div>\n<div class=\"uk-grid-margin uk-grid uk-grid-stack\">\n<div class=\"uk-width-1-1@m uk-first-column\">\n<div class=\"uk-panel uk-margin-remove-first-child uk-margin\">\n<div class=\"uk-child-width-expand uk-grid uk-grid-stack\">\n<div class=\"uk-margin-remove-first-child uk-grid-margin uk-first-column\">\n<div class=\"el-content uk-panel uk-text-lead uk-margin-top\">\n<p>Dopo qualche anno di sosta, dovuto agli impegni per GMG di Cracovia e Sinodo dei giovani, torna l&#8217;esperienza dell&#8217;<em><strong>Happening degli Oratori<\/strong><\/em>\u00a0che arriva cos\u00ec alla sua terza edizione. Finalmente, dopo aver sostato al Nord e al Centro Italia, l&#8217;esperienza raggiunge il Sud, in una terra &#8211; quella di Puglia &#8211; che ha vitalit\u00e0 e vivacit\u00e0 di presenza oratoriana e che ha una tradizione di accoglienza ben nota a tutti.<\/p>\n<p><strong>Tutte le info, programma, gemellaggi e modalit\u00e0 di partecipazione a questo <a href=\"https:\/\/www.oratori.org\/happening\/h3o.html\" target=\"_blank\" rel=\"noopener\">link.<\/a><\/strong><\/p>\n<p>L&#8217;oratorio \u00e8 ormai di casa in tante diocesi italiane e in altre lo sta diventando. Si tratta di uno tra gli investimenti pi\u00f9 concreti\u00a0 con cui una comunit\u00e0 cristiana esprime vicinanza e attenzione alle giovani generazioni, donando loro la possibilit\u00e0 di spazi di accoglienza, di tempi dedicati a loro, di percorsi significativi che hanno come scopo la crescita di tutta la persona, umana e spirituale.<\/p>\n<p><strong>Il Forum degli oratori italiani (FOI)<\/strong>\u00a0si mette a servizio di questa fantasia educativa delle nostre comunit\u00e0: \u00e8 un tavolo nazionale all\u2019interno del Servizio nazionale di Pastorale Giovanile della CEI attorno al quale sono sedute tutte le organizzazioni e le istituzioni religione che si occupano di oratori in Italia.<\/p>\n<p>Il Forum ha la \u2018mission\u2019 di dare pi\u00f9 forza agli oratori, cercando di aumentarne la visibilit\u00e0, di coordinare alcune riflessioni, di accompagnare le organizzazioni presenti sul territorio offrendo suggerimenti e incrociando le esperienze degli oratori. Far crescere il mondo degli oratori \u00e8 il modo con cui, insieme alla nostra Chiesa italiana, crediamo nella centralit\u00e0 dell\u2019educazione e ci impegniamo perch\u00e9 ad ogni ragazzo sia data una possibilit\u00e0 in pi\u00f9 per crescere e per crescere bene.<\/p>\n<\/div>\n<\/div>\n<\/div>\n<\/div>\n<\/div>\n<\/div>\n","protected":false},"excerpt":{"rendered":"<p>Centinaia di giovani attesi per l&#8217;Happening degli Oratori che arriva cos\u00ec alla sua terza edizione, questa volta nel Sud Italia.<\/p>\n","protected":false},"author":3,"featured_media":1980,"comment_status":"open","ping_status":"open","sticky":false,"template":"","format":"standard","meta":{"footnotes":""},"categories":[58,29,8,3],"tags":[81,82,40,83,65],"class_list":["post-1979","post","type-post","status-publish","format-standard","has-post-thumbnail","hentry","category-esperienze-pastorali","category-evidenza","category-news","category-servizio-per-la-pastorale-giovanile","tag-h3o","tag-happening","tag-molfetta","tag-oratori","tag-pastorale-giovanile"],"acf":[],"_links":{"self":[{"href":"https:\/\/www.diocesimolfetta.it\/pastoralegiovanile\/wp-json\/wp\/v2\/posts\/1979","targetHints":{"allow":["GET"]}}],"collection":[{"href":"https:\/\/www.diocesimolfetta.it\/pastoralegiovanile\/wp-json\/wp\/v2\/posts"}],"about":[{"href":"https:\/\/www.diocesimolfetta.it\/pastoralegiovanile\/wp-json\/wp\/v2\/types\/post"}],"author":[{"embeddable":true,"href":"https:\/\/www.diocesimolfetta.it\/pastoralegiovanile\/wp-json\/wp\/v2\/users\/3"}],"replies":[{"embeddable":true,"href":"https:\/\/www.diocesimolfetta.it\/pastoralegiovanile\/wp-json\/wp\/v2\/comments?post=1979"}],"version-history":[{"count":2,"href":"https:\/\/www.diocesimolfetta.it\/pastoralegiovanile\/wp-json\/wp\/v2\/posts\/1979\/revisions"}],"predecessor-version":[{"id":1983,"href":"https:\/\/www.diocesimolfetta.it\/pastoralegiovanile\/wp-json\/wp\/v2\/posts\/1979\/revisions\/1983"}],"wp:featuredmedia":[{"embeddable":true,"href":"https:\/\/www.diocesimolfetta.it\/pastoralegiovanile\/wp-json\/wp\/v2\/media\/1980"}],"wp:attachment":[{"href":"https:\/\/www.diocesimolfetta.it\/pastoralegiovanile\/wp-json\/wp\/v2\/media?parent=1979"}],"wp:term":[{"taxonomy":"category","embeddable":true,"href":"https:\/\/www.diocesimolfetta.it\/pastoralegiovanile\/wp-json\/wp\/v2\/categories?post=1979"},{"taxonomy":"post_tag","embeddable":true,"href":"https:\/\/www.diocesimolfetta.it\/pastoralegiovanile\/wp-json\/wp\/v2\/tags?post=1979"}],"curies":[{"name":"wp","href":"https:\/\/api.w.org\/{rel}","templated":true}]}}