{"id":1082,"date":"2023-06-26T09:43:58","date_gmt":"2023-06-26T07:43:58","guid":{"rendered":"https:\/\/www.diocesimolfetta.it\/pastoralesociale\/?p=1082"},"modified":"2023-06-26T09:44:37","modified_gmt":"2023-06-26T07:44:37","slug":"settimana-sociale-dei-cattolici-in-italia-verso-trieste-online-il-documento-preparatorio","status":"publish","type":"post","link":"https:\/\/www.diocesimolfetta.it\/pastoralesociale\/2023\/06\/26\/settimana-sociale-dei-cattolici-in-italia-verso-trieste-online-il-documento-preparatorio\/","title":{"rendered":"Settimana Sociale dei Cattolici in Italia. Verso Trieste: online il Documento preparatorio"},"content":{"rendered":"<p>\u00c8 disponibile online, sul sito <a href=\"http:\/\/www.settimanesociali.it\/\" target=\"_blank\" rel=\"noopener noreferrer\">www.settimanesociali.it<\/a>, il Documento preparatorio della 50\u00aa Settimana Sociale dei Cattolici in Italia, in programma a Trieste dal 3 al 7 luglio 2024.<\/p>\n<p>Partecipazione e pace, lavoro e diritti, migrazioni, ecologia integrale, economia che metta al centro l&#8217;uomo e la natura sono i temi &#8220;Al cuore della democrazia&#8221; che faranno da filo rosso al tradizionale appuntamento promosso dalla CEI.<\/p>\n<p>Pensata come un processo pi\u00f9 che come un evento, la Settimana Sociale entra nel vivo con la pubblicazione del Documento preparatorio che aiuter\u00e0 a riflettere e a individuare idee da realizzare per &#8220;partecipare tra storia e futuro&#8221;. &#8220;Il futuro del Paese \u2013 sottolinea il Documento \u2013 richiede persone capaci di mettersi in gioco e di collaborare tra loro per rigenerare gli spazi di vita, anche i pi\u00f9 marginali e affaticati, rinforzando la capacit\u00e0 di scegliere democraticamente e di vivere il potere come un servizio da condividere. \u00c8 una sfida che riguarda tutti i cittadini: tutte le voci di una comunit\u00e0 devono trovare parola, ascolto e sostegno, per elaborare pensiero e avviare percorsi di partecipazione, per trasformare il presente e liberare pi\u00f9 bellezza nel futuro&#8221;.<\/p>\n<p>In vista di una Settimana Sociale che vuole essere &#8220;un crocevia di persone e progetti diversi, un luogo per condividere il presente e immaginare insieme il futuro, ricercando sempre nuove vie per costruire il bene comune&#8221;, Diocesi e territori, aggregazioni laicali e famiglie religiose, cittadini e fedeli sono chiamati a confrontarsi sul tema della democrazia, a partire da alcune domande presenti nel Documento. Cos\u00ec da dare un contributo significativo al Cammino sinodale \u2013 di cui la Settimana Sociale \u00e8 parte integrante \u2013 e allo sviluppo del Paese.<\/p>\n<p>In quest&#8217;ottica, la scelta della sede non \u00e8 casuale: Trieste \u00e8 citt\u00e0 di confine, proiettata verso l&#8217;Europa e aperta verso Est, con una presenza storica di tante Confessioni cristiane e religioni diverse; una terra segnata da divisioni politiche che ne hanno attraversato la storia, con luoghi che ricordano dove porta la negazione della democrazia, dalla Risiera di San Saba alle Foibe. &#8220;Vogliamo capire \u2013 spiega il Documento \u2013 qualcosa di pi\u00f9 di questi confini che uniscono e dividono, di questa Europa e del suo sogno di pace tante volte tradito, del mondo che vi arriva a piedi \u2013 piedi feriti dal cammino e provati dalla fatica \u2013 dopo aver percorso le strade della guerra e della disperazione&#8221;.<\/p>\n<p>L&#8217;importanza dell&#8217;apertura alla multiculturalit\u00e0 e al pluralismo cos\u00ec come del dialogo sono richiamati in modo plastico dal logo, che raffigura dei\u00a0<i>baloon<\/i>\u00a0che si intrecciano: l&#8217;intersezione delle forme e dei colori crea una croce, simbolo delle radici e dei valori che sono alla base dell&#8217;appuntamento.<\/p>\n<p>La comunit\u00e0 \u2013 fattore chiave del cambiamento proposto \u2013 \u00e8 invece rappresentata dall&#8217;immagine scelta per la 50\u00aa edizione che, riecheggiando le grafiche degli anni &#8217;60, in particolare dell&#8217;optical art, utilizza elementi geometrici semplici per generare, grazie alla loro ripetizione, un grande cuore fatto di persone.<\/p>\n","protected":false},"excerpt":{"rendered":"<p>\u00c8 disponibile online, sul sito www.settimanesociali.it, il Documento preparatorio della 50\u00aa Settimana Sociale dei Cattolici in Italia, in programma a Trieste dal 3 al 7 luglio 2024.<\/p>\n","protected":false},"author":3,"featured_media":1083,"comment_status":"closed","ping_status":"open","sticky":false,"template":"","format":"standard","meta":{"footnotes":""},"categories":[7,2],"tags":[226],"class_list":["post-1082","post","type-post","status-publish","format-standard","has-post-thumbnail","hentry","category-news","category-ufficio-pastorale-sociale-e-del-lavoro","tag-settimana-sociale-dei-cattolici"],"acf":[],"_links":{"self":[{"href":"https:\/\/www.diocesimolfetta.it\/pastoralesociale\/wp-json\/wp\/v2\/posts\/1082","targetHints":{"allow":["GET"]}}],"collection":[{"href":"https:\/\/www.diocesimolfetta.it\/pastoralesociale\/wp-json\/wp\/v2\/posts"}],"about":[{"href":"https:\/\/www.diocesimolfetta.it\/pastoralesociale\/wp-json\/wp\/v2\/types\/post"}],"author":[{"embeddable":true,"href":"https:\/\/www.diocesimolfetta.it\/pastoralesociale\/wp-json\/wp\/v2\/users\/3"}],"replies":[{"embeddable":true,"href":"https:\/\/www.diocesimolfetta.it\/pastoralesociale\/wp-json\/wp\/v2\/comments?post=1082"}],"version-history":[{"count":1,"href":"https:\/\/www.diocesimolfetta.it\/pastoralesociale\/wp-json\/wp\/v2\/posts\/1082\/revisions"}],"predecessor-version":[{"id":1084,"href":"https:\/\/www.diocesimolfetta.it\/pastoralesociale\/wp-json\/wp\/v2\/posts\/1082\/revisions\/1084"}],"wp:featuredmedia":[{"embeddable":true,"href":"https:\/\/www.diocesimolfetta.it\/pastoralesociale\/wp-json\/wp\/v2\/media\/1083"}],"wp:attachment":[{"href":"https:\/\/www.diocesimolfetta.it\/pastoralesociale\/wp-json\/wp\/v2\/media?parent=1082"}],"wp:term":[{"taxonomy":"category","embeddable":true,"href":"https:\/\/www.diocesimolfetta.it\/pastoralesociale\/wp-json\/wp\/v2\/categories?post=1082"},{"taxonomy":"post_tag","embeddable":true,"href":"https:\/\/www.diocesimolfetta.it\/pastoralesociale\/wp-json\/wp\/v2\/tags?post=1082"}],"curies":[{"name":"wp","href":"https:\/\/api.w.org\/{rel}","templated":true}]}}