{"id":513,"date":"2020-08-29T11:00:24","date_gmt":"2020-08-29T09:00:24","guid":{"rendered":"http:\/\/www.diocesimolfetta.it\/pastoralesociale\/?p=513"},"modified":"2022-03-04T17:16:42","modified_gmt":"2022-03-04T16:16:42","slug":"15a-giornata-nazionale-per-la-custodia-del-creato-sussidi-per-lanimazione","status":"publish","type":"post","link":"https:\/\/www.diocesimolfetta.it\/pastoralesociale\/2020\/08\/29\/15a-giornata-nazionale-per-la-custodia-del-creato-sussidi-per-lanimazione\/","title":{"rendered":"15\u00aa Giornata Nazionale per la Custodia del Creato. Sussidi per l&#8217;animazione"},"content":{"rendered":"<p><strong><em><a href=\"http:\/\/www.diocesimolfetta.it\/pastoralesociale\/wp-content\/uploads\/sites\/6\/2020\/08\/Locandina-Creato-20.jpg\"><img loading=\"lazy\" decoding=\"async\" class=\"aligncenter size-large wp-image-514\" src=\"https:\/\/www.diocesimolfetta.it\/pastoralesociale\/wp-content\/uploads\/sites\/6\/2020\/08\/Locandina-Creato-20-724x1024.jpg\" alt=\"\" width=\"724\" height=\"1024\" srcset=\"https:\/\/www.diocesimolfetta.it\/pastoralesociale\/wp-content\/uploads\/sites\/6\/2020\/08\/Locandina-Creato-20-724x1024.jpg 724w, https:\/\/www.diocesimolfetta.it\/pastoralesociale\/wp-content\/uploads\/sites\/6\/2020\/08\/Locandina-Creato-20-212x300.jpg 212w, https:\/\/www.diocesimolfetta.it\/pastoralesociale\/wp-content\/uploads\/sites\/6\/2020\/08\/Locandina-Creato-20-768x1087.jpg 768w, https:\/\/www.diocesimolfetta.it\/pastoralesociale\/wp-content\/uploads\/sites\/6\/2020\/08\/Locandina-Creato-20.jpg 800w\" sizes=\"auto, (max-width: 724px) 100vw, 724px\" \/><\/a>Vivere in questo mondo con sobriet\u00e0, con giustizia e con piet\u00e0 (Tn 2,12)<\/em><\/strong><br \/>\n<strong><em>Per nuovi stili di vita<\/em><\/strong><\/p>\n<p>In occasione della 15<sup>a<\/sup>\u00a0Giornata Nazionale per la Custodia del Creato le preoccupazioni non mancano: l\u2019appuntamento di quest\u2019anno ha il sapore amaro dell\u2019incertezza. Con san Paolo sentiamo davvero \u00abche tutta la creazione geme e soffre le doglie del parto fino a oggi\u00bb (Rm 8,22).<\/p>\n<p>Solo la fede in Cristo ci spinge a guardare in avanti e a mettere la nostra vita al servizio del progetto di Dio sulla storia. Con questo sguardo, saldi nella speranza, ci impegniamo a convertire i nostri stili di vita, disponendoci a \u00abvivere in questo mondo con sobriet\u00e0, con giustizia e con piet\u00e0\u00bb (Tt 2,12).<\/p>\n<ul>\n<li><a href=\"https:\/\/www.chiesacattolica.it\/documenti-segreteria\/messaggio-per-la-15a-giornata-nazionale-per-la-custodia-del-creato-1-settembre-2020\/\" target=\"_blank\" rel=\"noopener noreferrer\">Messaggio dei vescovi<\/a><\/li>\n<li><a href=\"https:\/\/lavoro.chiesacattolica.it\/wp-content\/uploads\/sites\/27\/2020\/06\/05\/Locandina-Creato-20.pdf\" target=\"_blank\" rel=\"noopener noreferrer\">Locandina<\/a><\/li>\n<li><a href=\"https:\/\/lavoro.chiesacattolica.it\/wp-content\/uploads\/sites\/27\/2020\/06\/08\/Sussidio-Custodia-2020.pdf\" target=\"_blank\" rel=\"noopener noreferrer\">Sussidio Giornata Creato<\/a>\u00a0[6 Mb] testo completo\n<ul>\n<li><a href=\"https:\/\/lavoro.chiesacattolica.it\/wp-content\/uploads\/sites\/27\/2020\/06\/08\/Messaggio-dei-Vescovi.pdf\" target=\"_blank\" rel=\"noopener noreferrer\">Messaggio dei vescovi<\/a>\u00a0[80 kb]<\/li>\n<li><a href=\"https:\/\/lavoro.chiesacattolica.it\/wp-content\/uploads\/sites\/27\/2020\/06\/08\/Vivere-la-Giornata-del-Creato.pdf\" target=\"_blank\" rel=\"noopener noreferrer\">Vivere la Giornata del Creato<\/a>\u00a0[366 kb]<\/li>\n<li><a href=\"https:\/\/lavoro.chiesacattolica.it\/wp-content\/uploads\/sites\/27\/2020\/06\/08\/Stili-di-Vita-Smerilli.pdf\" target=\"_blank\" rel=\"noopener noreferrer\">Stili di Vita (Smerilli)<\/a>\u00a0[372 kb]<\/li>\n<li><a href=\"https:\/\/lavoro.chiesacattolica.it\/wp-content\/uploads\/sites\/27\/2020\/06\/08\/Esperienza-delle-Chiese-Protestanti-Tomassone.pdf\" target=\"_blank\" rel=\"noopener noreferrer\">Esperienza delle Chiese Protestanti (Tomassone)<\/a>\u00a0[99 kb]<\/li>\n<li><a href=\"https:\/\/lavoro.chiesacattolica.it\/wp-content\/uploads\/sites\/27\/2020\/06\/08\/Esperienza-della-Chiesa-Ortodossa-Fasiolo.pdf\" target=\"_blank\" rel=\"noopener noreferrer\">Esperienza della Chiesa Ortodossa (Fasiolo)<\/a>\u00a0[188 kb]<\/li>\n<li><a href=\"https:\/\/lavoro.chiesacattolica.it\/wp-content\/uploads\/sites\/27\/2020\/06\/08\/Esperienza-della-Chiesa-Cattolica-Morandini.pdf\" target=\"_blank\" rel=\"noopener noreferrer\">Esperienza della Chiesa Cattolica (Morandini)<\/a>\u00a0[279 kb]<\/li>\n<li><a href=\"https:\/\/lavoro.chiesacattolica.it\/wp-content\/uploads\/sites\/27\/2020\/06\/08\/Ritrovare-un-Equilibrio-Becchetti.pdf\" target=\"_blank\" rel=\"noopener noreferrer\">Ritrovare un Equilibrio (Becchetti)<\/a>\u00a0[311 kb]<\/li>\n<li><a href=\"https:\/\/lavoro.chiesacattolica.it\/wp-content\/uploads\/sites\/27\/2020\/06\/08\/Ambiente-e-salute-Coronavirus-Morandini.pdf\" target=\"_blank\" rel=\"noopener noreferrer\">Ambiente e salute Coronavirus (Morandini)<\/a>\u00a0[99 kb]<\/li>\n<li><a href=\"https:\/\/lavoro.chiesacattolica.it\/wp-content\/uploads\/sites\/27\/2020\/06\/08\/Alcuni-testi-per-Approfondire.pdf\" target=\"_blank\" rel=\"noopener noreferrer\">Alcuni testi per Approfondire<\/a>\u00a0[290 kb]<\/li>\n<li><a href=\"https:\/\/lavoro.chiesacattolica.it\/wp-content\/uploads\/sites\/27\/2020\/06\/08\/Celebrazione-per-il-Tempo-del-Creato.pdf\" target=\"_blank\" rel=\"noopener noreferrer\">Celebrazione per il Tempo del Creato (Sfredda)<\/a>\u00a0[341 kb]<\/li>\n<li><a href=\"https:\/\/lavoro.chiesacattolica.it\/wp-content\/uploads\/sites\/27\/2020\/06\/08\/Spunti-di-Predicazione-per-le-Domeniche-di-Settembre.pdf\" target=\"_blank\" rel=\"noopener noreferrer\">Spunti di Predicazione per le Domeniche di Settembre (autori vari)<\/a>\u00a0[887 kb]<\/li>\n<li><a href=\"https:\/\/lavoro.chiesacattolica.it\/wp-content\/uploads\/sites\/27\/2020\/06\/08\/IT-Mgr-Duff%C3%A9-Letter-Season-of-Creation-2020.pdf\" target=\"_blank\" rel=\"noopener noreferrer\">Lettera Duff\u00e8 per il Tempo del Creato<\/a>\u00a0[162 kb]<\/li>\n<\/ul>\n<\/li>\n<li><a href=\"https:\/\/lavoro.chiesacattolica.it\/tempo-del-creato-2020-1-sett-4-ott\/\" target=\"_blank\" rel=\"noopener noreferrer\">Tempo del creato<\/a>\u00a0(1\u00b0 settembre &#8211; 4 ottobre)<\/li>\n<\/ul>\n<p><strong>Articoli:<\/strong><\/p>\n<ul>\n<li>vaticannews.va:\u00a0<a href=\"https:\/\/www.vaticannews.va\/it\/chiesa\/news\/2020-06\/messaggio-cei-giornata-custodia-creato-laudato-si-italia-vescovi.html?fbclid=IwAR3xvAbGC1JdNQDfJ69YV79VhqtCjT01gxgF7ZuXs7_52_1H9ezeFh_HsEE\" target=\"_blank\" rel=\"noopener noreferrer\">Mettiamo in pratica la Laudato si&#8217;<\/a><\/li>\n<li>chiesacattolica.it:\u00a0<a href=\"https:\/\/www.chiesacattolica.it\/per-nuovi-stili-di-vita-il-messaggio-per-la-giornata-del-creato\/\" target=\"_blank\" rel=\"noopener noreferrer\">Per nuovi stili di vita<\/a><\/li>\n<li>avvenire.it:\u00a0<a href=\"https:\/\/www.avvenire.it\/chiesa\/pagine\/giornata-del-creato-cei-messaggio\" target=\"_blank\" rel=\"noopener noreferrer\">Siamo custodi, non padroni. Va cambiato il modo di vivere<\/a><\/li>\n<li>agensir.it:\u00a0<a href=\"https:\/\/www.agensir.it\/quotidiano\/2020\/6\/4\/giornata-custodia-del-creato-cei-le-chiese-cristiane-sappiano-promuovere-scelte-radicali-per-la-salvaguardia-del-pianeta\/\" target=\"_blank\" rel=\"noopener noreferrer\">le Chiese cristiane sappiano promuovere scelte radicali per la salvaguardia del pianeta<\/a><\/li>\n<li>agensir.it:\u00a0<a href=\"https:\/\/www.agensir.it\/italia\/2020\/06\/05\/giornata-custodia-del-creato-don-savina-cei-se-il-mondo-e-malato-e-anche-perche-il-cuore-delluomo-e-malato\/\" target=\"_blank\" rel=\"noopener noreferrer\">don Savina (Cei) \u201cSe il mondo \u00e8 malato \u00e8 anche perch\u00e9 il cuore dell\u2019uomo \u00e8 malato\u201d<\/a><\/li>\n<\/ul>\n","protected":false},"excerpt":{"rendered":"<p>I Vescovi delle due Commissioni, per i problemi sociali e il lavoro, la giustizia e la pace, e dell\u2019Ecumenismo e il dialogo, hanno elaborato un Messaggio per la celebrazione della 15\u00aa Giornata Nazionale per la Custodia del Creato (1\u00b0 settembre). Proposte per le parrocchie.<\/p>\n","protected":false},"author":3,"featured_media":515,"comment_status":"closed","ping_status":"closed","sticky":false,"template":"","format":"standard","meta":{"footnotes":""},"categories":[48,97,69,7,2],"tags":[151,111,101,150,37],"class_list":["post-513","post","type-post","status-publish","format-standard","has-post-thumbnail","hentry","category-attualita","category-ufficio-per-lecumenismo-e-il-dialogo-interreligioso","category-esperienze-pastorali","category-news","category-ufficio-pastorale-sociale-e-del-lavoro","tag-1-settemvre-2020","tag-ambiente","tag-ecumenismo","tag-giornata-creato","tag-pastorale-sociale"],"acf":[],"_links":{"self":[{"href":"https:\/\/www.diocesimolfetta.it\/pastoralesociale\/wp-json\/wp\/v2\/posts\/513","targetHints":{"allow":["GET"]}}],"collection":[{"href":"https:\/\/www.diocesimolfetta.it\/pastoralesociale\/wp-json\/wp\/v2\/posts"}],"about":[{"href":"https:\/\/www.diocesimolfetta.it\/pastoralesociale\/wp-json\/wp\/v2\/types\/post"}],"author":[{"embeddable":true,"href":"https:\/\/www.diocesimolfetta.it\/pastoralesociale\/wp-json\/wp\/v2\/users\/3"}],"replies":[{"embeddable":true,"href":"https:\/\/www.diocesimolfetta.it\/pastoralesociale\/wp-json\/wp\/v2\/comments?post=513"}],"version-history":[{"count":1,"href":"https:\/\/www.diocesimolfetta.it\/pastoralesociale\/wp-json\/wp\/v2\/posts\/513\/revisions"}],"predecessor-version":[{"id":516,"href":"https:\/\/www.diocesimolfetta.it\/pastoralesociale\/wp-json\/wp\/v2\/posts\/513\/revisions\/516"}],"wp:featuredmedia":[{"embeddable":true,"href":"https:\/\/www.diocesimolfetta.it\/pastoralesociale\/wp-json\/wp\/v2\/media\/515"}],"wp:attachment":[{"href":"https:\/\/www.diocesimolfetta.it\/pastoralesociale\/wp-json\/wp\/v2\/media?parent=513"}],"wp:term":[{"taxonomy":"category","embeddable":true,"href":"https:\/\/www.diocesimolfetta.it\/pastoralesociale\/wp-json\/wp\/v2\/categories?post=513"},{"taxonomy":"post_tag","embeddable":true,"href":"https:\/\/www.diocesimolfetta.it\/pastoralesociale\/wp-json\/wp\/v2\/tags?post=513"}],"curies":[{"name":"wp","href":"https:\/\/api.w.org\/{rel}","templated":true}]}}