{"id":727,"date":"2021-05-21T13:12:10","date_gmt":"2021-05-21T11:12:10","guid":{"rendered":"http:\/\/www.diocesimolfetta.it\/pastoralesociale\/?p=727"},"modified":"2022-03-04T17:16:40","modified_gmt":"2022-03-04T16:16:40","slug":"giovani-lavoro-e-ambiente-il-21-maggio-un-incontro-online","status":"publish","type":"post","link":"https:\/\/www.diocesimolfetta.it\/pastoralesociale\/2021\/05\/21\/giovani-lavoro-e-ambiente-il-21-maggio-un-incontro-online\/","title":{"rendered":"Giovani, lavoro e ambiente: il 21 maggio un incontro online"},"content":{"rendered":"<p>La Commissione Regionale per i problemi sociali e il lavoro, giustizia, pace, custodia del Creato, insieme alle Commissioni diocesane, promuove un cammino di preparazione alla prossima Settimana Sociale di Taranto. Il percorso coinvolger\u00e0 le diocesi pugliesi per aree geografiche, cos\u00ec da evidenziare i \u201cnodi da sciogliere\u201d riguardanti l\u2019intero territorio regionale e avviare processi condivisi.<\/p>\n<p>Questo pomeriggio, venerd\u00ec 21 maggio alle 16, si svolger\u00e0 il secondo appuntamento organizzato dalle diocesi del sud della Puglia. L&#8217;incontro sar\u00e0 trasmesso in diretta streaming sulla <a href=\"https:\/\/www.facebook.com\/PSL.Lecce\" target=\"_blank\" rel=\"noopener noreferrer\" aria-label=\"pagina Facebook Ufficio per la Pastorale Sociale e del Lavoro \u2013 Arcidiocesi di Lecce\">pagina Facebook Ufficio per la Pastorale Sociale e del Lavoro \u2013 Arcidiocesi di Lecce<\/a>\u00a0e sul canale\u00a0<a href=\"https:\/\/www.youtube.com\/channel\/UCVh9e5q_m4LPdb0ONQFRMZg\" target=\"_blank\" rel=\"noopener noreferrer\" aria-label=\"YouTube Portalecce.\u00a0\">YouTube Portalecce.\u00a0<\/a><\/p>\n<p>&nbsp;<\/p>\n<p><a href=\"https:\/\/www.diocesimolfetta.it\/pastoralesociale\/wp-content\/uploads\/sites\/6\/2021\/05\/Locandina-Giovani-Lavoro-e-Ambiente-Settimana-Sociale_21maggio.pdf\">Locandina Giovani Lavoro e Ambiente Settimana Sociale_21maggio<\/a><\/p>\n<p>&nbsp;<\/p>\n<p><strong>Segui la diretta<\/strong><\/p>\n<p>&nbsp;<\/p>\n<p><iframe loading=\"lazy\" title=\"\u201cGiovani, lavoro e ambiente\u201d - VERSO LA SETTIMANA SOCIALE DI TARANTO\" width=\"800\" height=\"450\" src=\"https:\/\/www.youtube.com\/embed\/XTbUchCa-Mk?feature=oembed\" frameborder=\"0\" allow=\"accelerometer; autoplay; clipboard-write; encrypted-media; gyroscope; picture-in-picture\" allowfullscreen><\/iframe><\/p>\n","protected":false},"excerpt":{"rendered":"<p>La Commissione Regionale per i problemi sociali e il lavoro, giustizia, pace, custodia del Creato, insieme alle Commissioni diocesane, promuove un cammino di preparazione alla prossima Settimana Sociale di Taranto. Il percorso coinvolger\u00e0 le diocesi pugliesi per aree geografiche, cos\u00ec da evidenziare i \u201cnodi da sciogliere\u201d riguardanti l\u2019intero territorio regionale e avviare processi condivisi.<\/p>\n","protected":false},"author":7,"featured_media":685,"comment_status":"closed","ping_status":"closed","sticky":false,"template":"","format":"standard","meta":{"footnotes":""},"categories":[48,69,7,2],"tags":[37,207],"class_list":["post-727","post","type-post","status-publish","format-standard","has-post-thumbnail","hentry","category-attualita","category-esperienze-pastorali","category-news","category-ufficio-pastorale-sociale-e-del-lavoro","tag-pastorale-sociale","tag-verso-taranto-2021"],"acf":[],"_links":{"self":[{"href":"https:\/\/www.diocesimolfetta.it\/pastoralesociale\/wp-json\/wp\/v2\/posts\/727","targetHints":{"allow":["GET"]}}],"collection":[{"href":"https:\/\/www.diocesimolfetta.it\/pastoralesociale\/wp-json\/wp\/v2\/posts"}],"about":[{"href":"https:\/\/www.diocesimolfetta.it\/pastoralesociale\/wp-json\/wp\/v2\/types\/post"}],"author":[{"embeddable":true,"href":"https:\/\/www.diocesimolfetta.it\/pastoralesociale\/wp-json\/wp\/v2\/users\/7"}],"replies":[{"embeddable":true,"href":"https:\/\/www.diocesimolfetta.it\/pastoralesociale\/wp-json\/wp\/v2\/comments?post=727"}],"version-history":[{"count":2,"href":"https:\/\/www.diocesimolfetta.it\/pastoralesociale\/wp-json\/wp\/v2\/posts\/727\/revisions"}],"predecessor-version":[{"id":729,"href":"https:\/\/www.diocesimolfetta.it\/pastoralesociale\/wp-json\/wp\/v2\/posts\/727\/revisions\/729"}],"wp:featuredmedia":[{"embeddable":true,"href":"https:\/\/www.diocesimolfetta.it\/pastoralesociale\/wp-json\/wp\/v2\/media\/685"}],"wp:attachment":[{"href":"https:\/\/www.diocesimolfetta.it\/pastoralesociale\/wp-json\/wp\/v2\/media?parent=727"}],"wp:term":[{"taxonomy":"category","embeddable":true,"href":"https:\/\/www.diocesimolfetta.it\/pastoralesociale\/wp-json\/wp\/v2\/categories?post=727"},{"taxonomy":"post_tag","embeddable":true,"href":"https:\/\/www.diocesimolfetta.it\/pastoralesociale\/wp-json\/wp\/v2\/tags?post=727"}],"curies":[{"name":"wp","href":"https:\/\/api.w.org\/{rel}","templated":true}]}}